{"id":166771,"date":"2021-01-19T07:00:10","date_gmt":"2021-01-19T05:00:10","guid":{"rendered":"http:\/\/107.6.182.27\/es\/?p=166771"},"modified":"2023-01-12T14:42:10","modified_gmt":"2023-01-12T12:42:10","slug":"atacan-con-dos-bombas-a-un-convoy-de-las-fuerzas-estadounidenses-en-irak","status":"publish","type":"post","link":"https:\/\/archive.sana.sy\/es\/?p=166771","title":{"rendered":"Atacan con dos bombas a un convoy de las fuerzas estadounidenses en Irak"},"content":{"rendered":"<p style=\"text-align: justify;\"><span style=\"color: #800000;\"><strong>Bagdad, SANA<\/strong><\/span><\/p>\n<p style=\"text-align: justify;\">Un ataque con dos cargas explosivas apunt\u00f3 contra convoy de las fuerzas de la &#8220;Coalici\u00f3n&#8221; lideradas por Estados Unidos, en la provincia de Zee Qar, en el sur de Irak.<\/p>\n<p style=\"text-align: justify;\">Una carga explosiva estall\u00f3 al paso de un convoy de apoyo log\u00edstico de la Coalici\u00f3n Internacional en la carretera Zee Qar sin causar v\u00edctimas, mientras que una segunda bomba apunt\u00f3 contra el mismo convoy a poca distancia del primer atentado, y caus\u00f3 da\u00f1os en uno de los veh\u00edculos de la columna, inform\u00f3 el portal Alsumaria News citando a las fuerzas de seguridad iraqu\u00edes.<\/p>\n<p style=\"text-align: justify;\">Incrementaron en los \u00faltimos meses los ataques con explosivos contra las fuerzas de la &#8220;coalici\u00f3n&#8221; en Irak.<\/p>\n<p style=\"text-align: justify;\"><em><span style=\"color: #0000ff;\"><strong>fm<\/strong><\/span><\/em><\/p>\n","protected":false},"excerpt":{"rendered":"<p>Bagdad, SANA Un ataque con dos cargas explosivas apunt\u00f3 contra convoy de las fuerzas de la &#8220;Coalici\u00f3n&#8221; lideradas por Estados Unidos, en la provincia de Zee Qar, en el sur de Irak. Una carga explosiva estall\u00f3 al paso de un convoy de apoyo log\u00edstico de la Coalici\u00f3n Internacional en la carretera Zee Qar sin causar &hellip;<\/p>\n","protected":false},"author":34,"featured_media":166772,"comment_status":"closed","ping_status":"closed","sticky":false,"template":"","format":"standard","meta":{"footnotes":""},"categories":[597,456,7541],"tags":[],"class_list":["post-166771","post","type-post","status-publish","format-standard","has-post-thumbnail","","category-cinta-de-noticias","category-arabe-internacional-politica","category-ultimas-noticias"],"_links":{"self":[{"href":"https:\/\/archive.sana.sy\/es\/index.php?rest_route=\/wp\/v2\/posts\/166771"}],"collection":[{"href":"https:\/\/archive.sana.sy\/es\/index.php?rest_route=\/wp\/v2\/posts"}],"about":[{"href":"https:\/\/archive.sana.sy\/es\/index.php?rest_route=\/wp\/v2\/types\/post"}],"author":[{"embeddable":true,"href":"https:\/\/archive.sana.sy\/es\/index.php?rest_route=\/wp\/v2\/users\/34"}],"replies":[{"embeddable":true,"href":"https:\/\/archive.sana.sy\/es\/index.php?rest_route=%2Fwp%2Fv2%2Fcomments&post=166771"}],"version-history":[{"count":0,"href":"https:\/\/archive.sana.sy\/es\/index.php?rest_route=\/wp\/v2\/posts\/166771\/revisions"}],"wp:featuredmedia":[{"embeddable":true,"href":"https:\/\/archive.sana.sy\/es\/index.php?rest_route=\/wp\/v2\/media\/166772"}],"wp:attachment":[{"href":"https:\/\/archive.sana.sy\/es\/index.php?rest_route=%2Fwp%2Fv2%2Fmedia&parent=166771"}],"wp:term":[{"taxonomy":"category","embeddable":true,"href":"https:\/\/archive.sana.sy\/es\/index.php?rest_route=%2Fwp%2Fv2%2Fcategories&post=166771"},{"taxonomy":"post_tag","embeddable":true,"href":"https:\/\/archive.sana.sy\/es\/index.php?rest_route=%2Fwp%2Fv2%2Ftags&post=166771"}],"curies":[{"name":"wp","href":"https:\/\/api.w.org\/{rel}","templated":true}]}}