{"id":167035,"date":"2021-01-21T17:36:37","date_gmt":"2021-01-21T15:36:37","guid":{"rendered":"http:\/\/107.6.182.27\/es\/?p=167035"},"modified":"2021-01-21T17:36:47","modified_gmt":"2021-01-21T15:36:47","slug":"rusia-exige-levantamiento-de-las-medidas-coercitivas-unilaterales-impuestas-a-siria","status":"publish","type":"post","link":"https:\/\/archive.sana.sy\/es\/?p=167035","title":{"rendered":"Rusia exige levantamiento de las medidas coercitivas unilaterales impuestas a Siria"},"content":{"rendered":"<p style=\"text-align: justify;\"><strong><span style=\"color: #800000;\">Mosc\u00fa, SANA<\/span><\/strong><\/p>\n<p style=\"text-align: justify;\">El Ministerio de Exteriores de Rusia pidi\u00f3 hoy el levantamiento definitivo de las medidas coercitivas unilaterales impuestas a Siria por el bien del pueblo sirio y como garant\u00eda de la seguridad y estabilidad regionales.<\/p>\n<p style=\"text-align: justify;\">&#8220;La Uni\u00f3n Europea debe mostrar su cordura y volver al campo de la legalidad internacional, y levantar las sanciones unilaterales ilegales que ha impuesto a Siria&#8221;, dijo hoy la portavoz de la canciller\u00eda, Mar\u00eda Zajarova, en una conferencia de prensa.<\/p>\n<p style=\"text-align: justify;\">Lament\u00f3 las recientes medidas de la Uni\u00f3n Europea contra Siria, incluso contra su Ministro de Exteriores, Faisal Mekdad, y destac\u00f3 que esas medidas no contribuyen a la estabilidad de la situaci\u00f3n en Siria y no ayudan a superar las consecuencias de la crisis, sino que simplemente las exacerban. \u201cLos miembros de la Uni\u00f3n Europea deben saberlo&#8221;, indic\u00f3.<\/p>\n<p style=\"text-align: justify;\"><span style=\"color: #0000ff;\"><strong>fm\/ed<\/strong><\/span><\/p>\n","protected":false},"excerpt":{"rendered":"<p>Mosc\u00fa, SANA El Ministerio de Exteriores de Rusia pidi\u00f3 hoy el levantamiento definitivo de las medidas coercitivas unilaterales impuestas a Siria por el bien del pueblo sirio y como garant\u00eda de la seguridad y estabilidad regionales. &#8220;La Uni\u00f3n Europea debe mostrar su cordura y volver al campo de la legalidad internacional, y levantar las sanciones &hellip;<\/p>\n","protected":false},"author":32,"featured_media":167036,"comment_status":"closed","ping_status":"closed","sticky":false,"template":"","format":"standard","meta":{"footnotes":""},"categories":[597,467,7541],"tags":[],"class_list":["post-167035","post","type-post","status-publish","format-standard","has-post-thumbnail","","category-cinta-de-noticias","category-siria-y-el-mundo","category-ultimas-noticias"],"_links":{"self":[{"href":"https:\/\/archive.sana.sy\/es\/index.php?rest_route=\/wp\/v2\/posts\/167035"}],"collection":[{"href":"https:\/\/archive.sana.sy\/es\/index.php?rest_route=\/wp\/v2\/posts"}],"about":[{"href":"https:\/\/archive.sana.sy\/es\/index.php?rest_route=\/wp\/v2\/types\/post"}],"author":[{"embeddable":true,"href":"https:\/\/archive.sana.sy\/es\/index.php?rest_route=\/wp\/v2\/users\/32"}],"replies":[{"embeddable":true,"href":"https:\/\/archive.sana.sy\/es\/index.php?rest_route=%2Fwp%2Fv2%2Fcomments&post=167035"}],"version-history":[{"count":0,"href":"https:\/\/archive.sana.sy\/es\/index.php?rest_route=\/wp\/v2\/posts\/167035\/revisions"}],"wp:featuredmedia":[{"embeddable":true,"href":"https:\/\/archive.sana.sy\/es\/index.php?rest_route=\/wp\/v2\/media\/167036"}],"wp:attachment":[{"href":"https:\/\/archive.sana.sy\/es\/index.php?rest_route=%2Fwp%2Fv2%2Fmedia&parent=167035"}],"wp:term":[{"taxonomy":"category","embeddable":true,"href":"https:\/\/archive.sana.sy\/es\/index.php?rest_route=%2Fwp%2Fv2%2Fcategories&post=167035"},{"taxonomy":"post_tag","embeddable":true,"href":"https:\/\/archive.sana.sy\/es\/index.php?rest_route=%2Fwp%2Fv2%2Ftags&post=167035"}],"curies":[{"name":"wp","href":"https:\/\/api.w.org\/{rel}","templated":true}]}}