{"id":167175,"date":"2021-01-23T09:40:42","date_gmt":"2021-01-23T07:40:42","guid":{"rendered":"http:\/\/107.6.182.27\/es\/?p=167175"},"modified":"2021-01-23T09:41:05","modified_gmt":"2021-01-23T07:41:05","slug":"mas-de-3-5-millones-de-alumnos-sirios-comienzan-manana-domingo-el-segundo-semestre-escolar","status":"publish","type":"post","link":"https:\/\/archive.sana.sy\/es\/?p=167175","title":{"rendered":"M\u00e1s de 3.5 millones de alumnos sirios comienzan ma\u00f1ana domingo el segundo semestre escolar"},"content":{"rendered":"<p style=\"text-align: justify;\"><strong><span style=\"color: #800000;\">Damasco, SANA<\/span><\/strong><\/p>\n<p style=\"text-align: justify;\">El Ministerio de Educaci\u00f3n complet\u00f3 los preparativos para el segundo semestre del actual a\u00f1o escolar 2020-2021, que comenzar\u00e1 este domingo, 24 de enero.<\/p>\n<p style=\"text-align: justify;\">En un comunicado, el Ministerio precis\u00f3 que sus direcciones en todas las provincias adoptaron las medidas preventivas y de salud necesarias para proteger los estudiantes y el personal docente en m\u00e1s de 13 mil 600 escuelas.<\/p>\n<p style=\"text-align: justify;\"><span style=\"color: #0000ff;\"><strong>ws\/fm<\/strong><\/span><\/p>\n","protected":false},"excerpt":{"rendered":"<p>Damasco, SANA El Ministerio de Educaci\u00f3n complet\u00f3 los preparativos para el segundo semestre del actual a\u00f1o escolar 2020-2021, que comenzar\u00e1 este domingo, 24 de enero. En un comunicado, el Ministerio precis\u00f3 que sus direcciones en todas las provincias adoptaron las medidas preventivas y de salud necesarias para proteger los estudiantes y el personal docente en &hellip;<\/p>\n","protected":false},"author":35,"featured_media":167176,"comment_status":"closed","ping_status":"closed","sticky":false,"template":"","format":"standard","meta":{"footnotes":""},"categories":[477,597,476,7541],"tags":[],"class_list":["post-167175","post","type-post","status-publish","format-standard","has-post-thumbnail","","category-noticias-edulcorantes","category-cinta-de-noticias","category-locales","category-ultimas-noticias"],"_links":{"self":[{"href":"https:\/\/archive.sana.sy\/es\/index.php?rest_route=\/wp\/v2\/posts\/167175"}],"collection":[{"href":"https:\/\/archive.sana.sy\/es\/index.php?rest_route=\/wp\/v2\/posts"}],"about":[{"href":"https:\/\/archive.sana.sy\/es\/index.php?rest_route=\/wp\/v2\/types\/post"}],"author":[{"embeddable":true,"href":"https:\/\/archive.sana.sy\/es\/index.php?rest_route=\/wp\/v2\/users\/35"}],"replies":[{"embeddable":true,"href":"https:\/\/archive.sana.sy\/es\/index.php?rest_route=%2Fwp%2Fv2%2Fcomments&post=167175"}],"version-history":[{"count":0,"href":"https:\/\/archive.sana.sy\/es\/index.php?rest_route=\/wp\/v2\/posts\/167175\/revisions"}],"wp:featuredmedia":[{"embeddable":true,"href":"https:\/\/archive.sana.sy\/es\/index.php?rest_route=\/wp\/v2\/media\/167176"}],"wp:attachment":[{"href":"https:\/\/archive.sana.sy\/es\/index.php?rest_route=%2Fwp%2Fv2%2Fmedia&parent=167175"}],"wp:term":[{"taxonomy":"category","embeddable":true,"href":"https:\/\/archive.sana.sy\/es\/index.php?rest_route=%2Fwp%2Fv2%2Fcategories&post=167175"},{"taxonomy":"post_tag","embeddable":true,"href":"https:\/\/archive.sana.sy\/es\/index.php?rest_route=%2Fwp%2Fv2%2Ftags&post=167175"}],"curies":[{"name":"wp","href":"https:\/\/api.w.org\/{rel}","templated":true}]}}