{"id":167350,"date":"2021-01-24T11:54:22","date_gmt":"2021-01-24T09:54:22","guid":{"rendered":"http:\/\/107.6.182.27\/es\/?p=167350"},"modified":"2021-01-24T11:54:22","modified_gmt":"2021-01-24T09:54:22","slug":"siria-condena-energicamente-la-flagrante-injerencia-estadounidense-y-occidental-en-los-asuntos-internos-de-la-federacion-de-rusia-y-las-campanas-de-incitacion-que-emprenden-para-desestabilizarla","status":"publish","type":"post","link":"https:\/\/archive.sana.sy\/es\/?p=167350","title":{"rendered":"Siria condena en\u00e9rgicamente la flagrante injerencia estadounidense y occidental en los asuntos internos de la Federaci\u00f3n de Rusia y las campa\u00f1as de incitaci\u00f3n que emprenden para desestabilizarla."},"content":{"rendered":"","protected":false},"excerpt":{"rendered":"","protected":false},"author":35,"featured_media":0,"comment_status":"closed","ping_status":"closed","sticky":false,"template":"","format":"standard","meta":{"footnotes":""},"categories":[596],"tags":[],"class_list":["post-167350","post","type-post","status-publish","format-standard","","category-urgente"],"_links":{"self":[{"href":"https:\/\/archive.sana.sy\/es\/index.php?rest_route=\/wp\/v2\/posts\/167350"}],"collection":[{"href":"https:\/\/archive.sana.sy\/es\/index.php?rest_route=\/wp\/v2\/posts"}],"about":[{"href":"https:\/\/archive.sana.sy\/es\/index.php?rest_route=\/wp\/v2\/types\/post"}],"author":[{"embeddable":true,"href":"https:\/\/archive.sana.sy\/es\/index.php?rest_route=\/wp\/v2\/users\/35"}],"replies":[{"embeddable":true,"href":"https:\/\/archive.sana.sy\/es\/index.php?rest_route=%2Fwp%2Fv2%2Fcomments&post=167350"}],"version-history":[{"count":0,"href":"https:\/\/archive.sana.sy\/es\/index.php?rest_route=\/wp\/v2\/posts\/167350\/revisions"}],"wp:attachment":[{"href":"https:\/\/archive.sana.sy\/es\/index.php?rest_route=%2Fwp%2Fv2%2Fmedia&parent=167350"}],"wp:term":[{"taxonomy":"category","embeddable":true,"href":"https:\/\/archive.sana.sy\/es\/index.php?rest_route=%2Fwp%2Fv2%2Fcategories&post=167350"},{"taxonomy":"post_tag","embeddable":true,"href":"https:\/\/archive.sana.sy\/es\/index.php?rest_route=%2Fwp%2Fv2%2Ftags&post=167350"}],"curies":[{"name":"wp","href":"https:\/\/api.w.org\/{rel}","templated":true}]}}