{"id":167500,"date":"2021-01-25T16:51:50","date_gmt":"2021-01-25T14:51:50","guid":{"rendered":"http:\/\/107.6.182.27\/es\/?p=167500"},"modified":"2023-01-10T15:14:31","modified_gmt":"2023-01-10T13:14:31","slug":"siria-e-iran-buscan-impulsar-relaciones-economicas-y-ampliar-las-inversiones-conjuntas","status":"publish","type":"post","link":"https:\/\/archive.sana.sy\/es\/?p=167500","title":{"rendered":"Siria e Ir\u00e1n buscan impulsar relaciones econ\u00f3micas y ampliar las inversiones conjuntas"},"content":{"rendered":"<p style=\"text-align: justify;\"><strong><span style=\"color: #800000;\">Damasco, SANA<\/span><\/strong><\/p>\n<p style=\"text-align: justify;\">El Primer Ministro, Hussein Arnous, abord\u00f3 hoy con la Junta Directiva de la C\u00e1mara de Comercio Conjunta Sirio-Iran\u00ed, las formas de fortalecer las relaciones econ\u00f3micas, incrementar el intercambio comercial entre Siria e Ir\u00e1n, y ampliar las inversiones conjuntas que apoyan la econom\u00eda nacional..<\/p>\n<p style=\"text-align: justify;\">Arnous destac\u00f3 la necesidad de desarrollar el mecanismo de trabajo de la C\u00e1mara para poder participar en la fase de reconstrucci\u00f3n y desarrollar el sector de exportaci\u00f3n, especialmente los productos sirios con demanda en el mercado iran\u00ed, de los cuales se destaca el aceite de oliva.<\/p>\n<p style=\"text-align: justify;\">El jefe del ejecutivo destac\u00f3 la importancia del trueque de productos entre los dos pa\u00edses de manera que contribuya a satisfacer la necesidad del mercado local de materiales b\u00e1sicos y necesidades del sector de salud para enfrentar la pandemia de Covid-19.<\/p>\n<p style=\"text-align: justify;\">Pidi\u00f3 a la Junta Directiva de la C\u00e1mara que hiciera todo lo posible para dirigir las inversiones conjuntas hacia el desarrollo de ciudades y zonas industriales y la rehabilitaci\u00f3n de f\u00e1bricas afectadas por el terrorismo.<\/p>\n<p style=\"text-align: justify;\">El presidente del Gobierno expres\u00f3 la disposici\u00f3n para brindar apoyo a la C\u00e1mara para el establecimiento de ferias conjuntas y la firma de convenios de cooperaci\u00f3n para asegurar el flujo de bienes y materiales a los mercados de los dos pa\u00edses de manera que contribuya a enfrentar el bloqueo econ\u00f3mico impuesto a los dos pueblos amigos.<\/p>\n<p style=\"text-align: justify;\"><strong><span style=\"color: #0000ff;\">fm\/ed<\/span><\/strong><\/p>\n","protected":false},"excerpt":{"rendered":"<p>Damasco, SANA El Primer Ministro, Hussein Arnous, abord\u00f3 hoy con la Junta Directiva de la C\u00e1mara de Comercio Conjunta Sirio-Iran\u00ed, las formas de fortalecer las relaciones econ\u00f3micas, incrementar el intercambio comercial entre Siria e Ir\u00e1n, y ampliar las inversiones conjuntas que apoyan la econom\u00eda nacional.. Arnous destac\u00f3 la necesidad de desarrollar el mecanismo de trabajo &hellip;<\/p>\n","protected":false},"author":32,"featured_media":167502,"comment_status":"closed","ping_status":"closed","sticky":false,"template":"","format":"standard","meta":{"footnotes":""},"categories":[597,16686,485,476,7541],"tags":[],"class_list":["post-167500","post","type-post","status-publish","format-standard","has-post-thumbnail","","category-cinta-de-noticias","category-economia","category-informes-negocios-y-finanzas","category-locales","category-ultimas-noticias"],"_links":{"self":[{"href":"https:\/\/archive.sana.sy\/es\/index.php?rest_route=\/wp\/v2\/posts\/167500"}],"collection":[{"href":"https:\/\/archive.sana.sy\/es\/index.php?rest_route=\/wp\/v2\/posts"}],"about":[{"href":"https:\/\/archive.sana.sy\/es\/index.php?rest_route=\/wp\/v2\/types\/post"}],"author":[{"embeddable":true,"href":"https:\/\/archive.sana.sy\/es\/index.php?rest_route=\/wp\/v2\/users\/32"}],"replies":[{"embeddable":true,"href":"https:\/\/archive.sana.sy\/es\/index.php?rest_route=%2Fwp%2Fv2%2Fcomments&post=167500"}],"version-history":[{"count":0,"href":"https:\/\/archive.sana.sy\/es\/index.php?rest_route=\/wp\/v2\/posts\/167500\/revisions"}],"wp:featuredmedia":[{"embeddable":true,"href":"https:\/\/archive.sana.sy\/es\/index.php?rest_route=\/wp\/v2\/media\/167502"}],"wp:attachment":[{"href":"https:\/\/archive.sana.sy\/es\/index.php?rest_route=%2Fwp%2Fv2%2Fmedia&parent=167500"}],"wp:term":[{"taxonomy":"category","embeddable":true,"href":"https:\/\/archive.sana.sy\/es\/index.php?rest_route=%2Fwp%2Fv2%2Fcategories&post=167500"},{"taxonomy":"post_tag","embeddable":true,"href":"https:\/\/archive.sana.sy\/es\/index.php?rest_route=%2Fwp%2Fv2%2Ftags&post=167500"}],"curies":[{"name":"wp","href":"https:\/\/api.w.org\/{rel}","templated":true}]}}