{"id":167580,"date":"2021-01-26T13:52:15","date_gmt":"2021-01-26T11:52:15","guid":{"rendered":"http:\/\/107.6.182.27\/es\/?p=167580"},"modified":"2021-01-26T13:52:15","modified_gmt":"2021-01-26T11:52:15","slug":"un-sismo-de-5-2-grados-sacude-los-montes-de-sinjar-en-la-frontera-sirio-iraqui","status":"publish","type":"post","link":"https:\/\/archive.sana.sy\/es\/?p=167580","title":{"rendered":"Un sismo de 5.2 grados sacude los montes de Sinjar en la frontera sirio-iraqu\u00ed"},"content":{"rendered":"<p style=\"text-align: justify;\"><span style=\"color: #800000;\"><strong>Damasco, SANA<\/strong><\/span><\/p>\n<p style=\"text-align: justify;\">Un sismo de 5.2 grados en la escala de Richter sacudi\u00f3 hoy los montes de Sinjar, ubicados a 530 kil\u00f3metros al nordeste de la capital Damasco.<\/p>\n<p style=\"text-align: justify;\">Seg\u00fan inform\u00f3 el Centro Nacional de Sismolog\u00eda, el fen\u00f3meno se report\u00f3 a 10 kil\u00f3metros de profundidad dentro del territorio sirio, en la zona de los montes de Zinjar en la frontera sirio-iraqu\u00ed.<\/p>\n<p style=\"text-align: justify;\">El d\u00eda 22 de diciembre pasado, un terremoto de 4.3 grados en la escala de Richter ocurri\u00f3 al suroeste de la ciudad de Idlib, cabecera de la provincia siria hom\u00f3nima.<\/p>\n<p style=\"text-align: justify;\"><strong><span style=\"color: #0000ff;\">fm\/ed<\/span><\/strong><\/p>\n","protected":false},"excerpt":{"rendered":"<p>Damasco, SANA Un sismo de 5.2 grados en la escala de Richter sacudi\u00f3 hoy los montes de Sinjar, ubicados a 530 kil\u00f3metros al nordeste de la capital Damasco. Seg\u00fan inform\u00f3 el Centro Nacional de Sismolog\u00eda, el fen\u00f3meno se report\u00f3 a 10 kil\u00f3metros de profundidad dentro del territorio sirio, en la zona de los montes de &hellip;<\/p>\n","protected":false},"author":32,"featured_media":167581,"comment_status":"closed","ping_status":"closed","sticky":false,"template":"","format":"standard","meta":{"footnotes":""},"categories":[447,597,476,7541],"tags":[],"class_list":["post-167580","post","type-post","status-publish","format-standard","has-post-thumbnail","","category-local-politica","category-cinta-de-noticias","category-locales","category-ultimas-noticias"],"_links":{"self":[{"href":"https:\/\/archive.sana.sy\/es\/index.php?rest_route=\/wp\/v2\/posts\/167580"}],"collection":[{"href":"https:\/\/archive.sana.sy\/es\/index.php?rest_route=\/wp\/v2\/posts"}],"about":[{"href":"https:\/\/archive.sana.sy\/es\/index.php?rest_route=\/wp\/v2\/types\/post"}],"author":[{"embeddable":true,"href":"https:\/\/archive.sana.sy\/es\/index.php?rest_route=\/wp\/v2\/users\/32"}],"replies":[{"embeddable":true,"href":"https:\/\/archive.sana.sy\/es\/index.php?rest_route=%2Fwp%2Fv2%2Fcomments&post=167580"}],"version-history":[{"count":0,"href":"https:\/\/archive.sana.sy\/es\/index.php?rest_route=\/wp\/v2\/posts\/167580\/revisions"}],"wp:featuredmedia":[{"embeddable":true,"href":"https:\/\/archive.sana.sy\/es\/index.php?rest_route=\/wp\/v2\/media\/167581"}],"wp:attachment":[{"href":"https:\/\/archive.sana.sy\/es\/index.php?rest_route=%2Fwp%2Fv2%2Fmedia&parent=167580"}],"wp:term":[{"taxonomy":"category","embeddable":true,"href":"https:\/\/archive.sana.sy\/es\/index.php?rest_route=%2Fwp%2Fv2%2Fcategories&post=167580"},{"taxonomy":"post_tag","embeddable":true,"href":"https:\/\/archive.sana.sy\/es\/index.php?rest_route=%2Fwp%2Fv2%2Ftags&post=167580"}],"curies":[{"name":"wp","href":"https:\/\/api.w.org\/{rel}","templated":true}]}}