{"id":167589,"date":"2021-01-26T16:33:12","date_gmt":"2021-01-26T14:33:12","guid":{"rendered":"http:\/\/107.6.182.27\/es\/?p=167589"},"modified":"2021-01-26T20:52:19","modified_gmt":"2021-01-26T18:52:19","slug":"rusia-e-iran-reiteran-necesidad-de-encontrar-una-solucion-politica-a-la-crisis-en-siria","status":"publish","type":"post","link":"https:\/\/archive.sana.sy\/es\/?p=167589","title":{"rendered":"Rusia e Ir\u00e1n reiteran necesidad de encontrar una soluci\u00f3n pol\u00edtica a la crisis en Siria"},"content":{"rendered":"<p style=\"text-align: justify\"><span style=\"color: #800000\">Mosc\u00fa, SANA<\/span><\/p>\n<p style=\"text-align: justify\">El Ministro de Exteriores de Rusia, Sergei Lavrov, y su par iran\u00ed, Mohammad Javad Zarif, subrayaron la necesidad de encontrar una soluci\u00f3n pol\u00edtica a la crisis en Siria lo antes posible.<\/p>\n<p style=\"text-align: justify\">Durante una rueda de prensa conjunta celebrada en Mosc\u00fa, el jefe de la diplomacia rusa destac\u00f3 la necesidad de dar con una soluci\u00f3n pol\u00edtica a la crisis en Siria y de aplicar la resoluci\u00f3n no. 2254 de la ONU mediante un di\u00e1logo inter-sirio sin injerencia externa.<\/p>\n<p style=\"text-align: justify\">Asimismo, inform\u00f3 que sus conversaciones con Zarif abordaron los preparativos para la pr\u00f3xima reuni\u00f3n de Astan\u00e1, prevista para el pr\u00f3ximo mes de febrero en la ciudad rusa de Sochi.<\/p>\n<p style=\"text-align: justify\">Por su parte, Zarif dirigi\u00f3 un llamamiento a la comunidad internacional para \u201capoyar y no obstaculizar\u201d los esfuerzos encaminados a alcanzar un arreglo pol\u00edtico en Siria, as\u00ed como a cooperar en el tema de prestaci\u00f3n de asistencia humanitaria en el pa\u00eds levantino.<\/p>\n<p style=\"text-align: justify\">El Consejo de Seguridad de la ONU adopt\u00f3 por unanimidad en diciembre de 2015, la resoluci\u00f3n No. 2254 que estipula que le corresponde s\u00f3lo al pueblo sirio determinar el futuro de su pa\u00eds sin ninguna injerencia for\u00e1nea, y que las organizaciones terroristas est\u00e1n excluidas de cualquier proceso pol\u00edtico.<\/p>\n<p style=\"text-align: justify\">\n<span style=\"color: #0000ff\"><em><strong>la\/fm<\/strong><\/em><\/span><\/p>\n","protected":false},"excerpt":{"rendered":"<p>Mosc\u00fa, SANA El Ministro de Exteriores de Rusia, Sergei Lavrov, y su par iran\u00ed, Mohammad Javad Zarif, subrayaron la necesidad de encontrar una soluci\u00f3n pol\u00edtica a la crisis en Siria lo antes posible. Durante una rueda de prensa conjunta celebrada en Mosc\u00fa, el jefe de la diplomacia rusa destac\u00f3 la necesidad de dar con una &hellip;<\/p>\n","protected":false},"author":24,"featured_media":167590,"comment_status":"closed","ping_status":"closed","sticky":false,"template":"","format":"standard","meta":{"footnotes":""},"categories":[597,467,7541],"tags":[],"class_list":["post-167589","post","type-post","status-publish","format-standard","has-post-thumbnail","","category-cinta-de-noticias","category-siria-y-el-mundo","category-ultimas-noticias"],"_links":{"self":[{"href":"https:\/\/archive.sana.sy\/es\/index.php?rest_route=\/wp\/v2\/posts\/167589"}],"collection":[{"href":"https:\/\/archive.sana.sy\/es\/index.php?rest_route=\/wp\/v2\/posts"}],"about":[{"href":"https:\/\/archive.sana.sy\/es\/index.php?rest_route=\/wp\/v2\/types\/post"}],"author":[{"embeddable":true,"href":"https:\/\/archive.sana.sy\/es\/index.php?rest_route=\/wp\/v2\/users\/24"}],"replies":[{"embeddable":true,"href":"https:\/\/archive.sana.sy\/es\/index.php?rest_route=%2Fwp%2Fv2%2Fcomments&post=167589"}],"version-history":[{"count":0,"href":"https:\/\/archive.sana.sy\/es\/index.php?rest_route=\/wp\/v2\/posts\/167589\/revisions"}],"wp:featuredmedia":[{"embeddable":true,"href":"https:\/\/archive.sana.sy\/es\/index.php?rest_route=\/wp\/v2\/media\/167590"}],"wp:attachment":[{"href":"https:\/\/archive.sana.sy\/es\/index.php?rest_route=%2Fwp%2Fv2%2Fmedia&parent=167589"}],"wp:term":[{"taxonomy":"category","embeddable":true,"href":"https:\/\/archive.sana.sy\/es\/index.php?rest_route=%2Fwp%2Fv2%2Fcategories&post=167589"},{"taxonomy":"post_tag","embeddable":true,"href":"https:\/\/archive.sana.sy\/es\/index.php?rest_route=%2Fwp%2Fv2%2Ftags&post=167589"}],"curies":[{"name":"wp","href":"https:\/\/api.w.org\/{rel}","templated":true}]}}