{"id":167593,"date":"2021-01-26T17:22:06","date_gmt":"2021-01-26T15:22:06","guid":{"rendered":"http:\/\/107.6.182.27\/es\/?p=167593"},"modified":"2021-01-26T20:46:39","modified_gmt":"2021-01-26T18:46:39","slug":"consejo-de-ministro-aprueba-adhesion-de-siria-a-la-iniciativa-covax-respecto-al-acceso-a-la-vacuna-anti-covid-19","status":"publish","type":"post","link":"https:\/\/archive.sana.sy\/es\/?p=167593","title":{"rendered":"Gobierno aprueba adhesi\u00f3n de Siria a la iniciativa \u201cCOVAX\u201d relativa al acceso a las vacunas contra Covid-19"},"content":{"rendered":"<p style=\"text-align: justify\"><span style=\"color: #800000\">Damasco, SANA<\/span><\/p>\n<p style=\"text-align: justify\">El Consejo de Ministros abord\u00f3 en su sesi\u00f3n semanal, varios temas de inter\u00e9s p\u00fablico, y aprob\u00f3 un contrato para la rehabilitaci\u00f3n de los grupos generadores I y V de la Central El\u00e9ctrica de Alepo, y asegur\u00f3 que uno de los dos grupos se pondr\u00e1 en servicio a finales de este a\u00f1o.<\/p>\n<p style=\"text-align: justify\">Explic\u00f3 que ambos generar\u00e1n 400 megavatios, lo que contribuir\u00e1 a mejorar la situaci\u00f3n del suministro el\u00e9ctrico en la provincia norte\u00f1a de Alepo.<\/p>\n<p style=\"text-align: justify\">Asimismo, el Gabinete dio luz verde a la adhesi\u00f3n de Siria a la iniciativa \u201cCOVAX\u201d a trav\u00e9s de la Organizaci\u00f3n Mundial de la Salud (OMS), luego de resolver algunos puntos pendientes, con el fin de tener acceso lo antes posible a una vacunaci\u00f3n segura contra el Covid-19.<\/p>\n<p style=\"text-align: justify\">En este contexto, instruy\u00f3 al Ministerio de Salud tomar todos los pasos necesarios al respecto y continuar las conversaciones con los pa\u00edses amigos para la consecuci\u00f3n de la vacuna anti Coronavirus.<\/p>\n<p style=\"text-align: justify\">El Gobierno reiter\u00f3 la necesidad de mantener las medidas estrictas destinadas a frenar la pandemia.<\/p>\n<p style=\"text-align: justify\">\n<span style=\"color: #0000ff\"><em><strong>la<\/strong><\/em><\/span><\/p>\n","protected":false},"excerpt":{"rendered":"<p>Damasco, SANA El Consejo de Ministros abord\u00f3 en su sesi\u00f3n semanal, varios temas de inter\u00e9s p\u00fablico, y aprob\u00f3 un contrato para la rehabilitaci\u00f3n de los grupos generadores I y V de la Central El\u00e9ctrica de Alepo, y asegur\u00f3 que uno de los dos grupos se pondr\u00e1 en servicio a finales de este a\u00f1o. Explic\u00f3 que &hellip;<\/p>\n","protected":false},"author":24,"featured_media":167594,"comment_status":"closed","ping_status":"closed","sticky":false,"template":"","format":"standard","meta":{"footnotes":""},"categories":[597,476,7541],"tags":[],"class_list":["post-167593","post","type-post","status-publish","format-standard","has-post-thumbnail","","category-cinta-de-noticias","category-locales","category-ultimas-noticias"],"_links":{"self":[{"href":"https:\/\/archive.sana.sy\/es\/index.php?rest_route=\/wp\/v2\/posts\/167593"}],"collection":[{"href":"https:\/\/archive.sana.sy\/es\/index.php?rest_route=\/wp\/v2\/posts"}],"about":[{"href":"https:\/\/archive.sana.sy\/es\/index.php?rest_route=\/wp\/v2\/types\/post"}],"author":[{"embeddable":true,"href":"https:\/\/archive.sana.sy\/es\/index.php?rest_route=\/wp\/v2\/users\/24"}],"replies":[{"embeddable":true,"href":"https:\/\/archive.sana.sy\/es\/index.php?rest_route=%2Fwp%2Fv2%2Fcomments&post=167593"}],"version-history":[{"count":0,"href":"https:\/\/archive.sana.sy\/es\/index.php?rest_route=\/wp\/v2\/posts\/167593\/revisions"}],"wp:featuredmedia":[{"embeddable":true,"href":"https:\/\/archive.sana.sy\/es\/index.php?rest_route=\/wp\/v2\/media\/167594"}],"wp:attachment":[{"href":"https:\/\/archive.sana.sy\/es\/index.php?rest_route=%2Fwp%2Fv2%2Fmedia&parent=167593"}],"wp:term":[{"taxonomy":"category","embeddable":true,"href":"https:\/\/archive.sana.sy\/es\/index.php?rest_route=%2Fwp%2Fv2%2Fcategories&post=167593"},{"taxonomy":"post_tag","embeddable":true,"href":"https:\/\/archive.sana.sy\/es\/index.php?rest_route=%2Fwp%2Fv2%2Ftags&post=167593"}],"curies":[{"name":"wp","href":"https:\/\/api.w.org\/{rel}","templated":true}]}}