{"id":167597,"date":"2021-01-26T17:43:20","date_gmt":"2021-01-26T15:43:20","guid":{"rendered":"http:\/\/107.6.182.27\/es\/?p=167597"},"modified":"2021-01-26T20:41:19","modified_gmt":"2021-01-26T18:41:19","slug":"tropas-ocupantes-turcas-y-sus-mercenarios-bombardean-periferia-de-la-ciudad-de-ain-isa-al-norte-de-raqa","status":"publish","type":"post","link":"https:\/\/archive.sana.sy\/es\/?p=167597","title":{"rendered":"Bombardeo del ocupante turco y sus mercenarios contra periferia de la ciudad de Ain Isa, Raqa"},"content":{"rendered":"<p style=\"text-align: justify\"><span style=\"color: #800000\">Raqa, SANA<\/span><\/p>\n<p style=\"text-align: justify\">Desde sus posiciones en las zonas ocupadas en el norte de la provincia de Raqa, el ocupante turco y sus mercenarios reanudaron sus ataques contra las cercan\u00edas de la ciudad de Ain Isa.<\/p>\n<p style=\"text-align: justify\">Seg\u00fan activistas locales, las tropas del r\u00e9gimen turco y los terroristas que operan bajo su mando bombardearon con artiller\u00eda a las inmediaciones de Ain Isa, lo que provoc\u00f3 da\u00f1os en las viviendas y las tierras cultivadas.<\/p>\n<p style=\"text-align: justify\">Desde el comienzo de su agresi\u00f3n en octubre del 2019, las tropas de Ankara han ocupado una serie de aldeas y ciudades en el norte de las provincias nororientales de Raqa y Hasakeh, y las han utilizado como posiciones para atacar los civiles, desplazarlos y saquear sus recursos y bienes.<\/p>\n<p style=\"text-align: justify\"><span style=\"color: #0000ff\"><em><strong>la\/fm<\/strong><\/em><\/span><\/p>\n","protected":false},"excerpt":{"rendered":"<p>Raqa, SANA Desde sus posiciones en las zonas ocupadas en el norte de la provincia de Raqa, el ocupante turco y sus mercenarios reanudaron sus ataques contra las cercan\u00edas de la ciudad de Ain Isa. Seg\u00fan activistas locales, las tropas del r\u00e9gimen turco y los terroristas que operan bajo su mando bombardearon con artiller\u00eda a &hellip;<\/p>\n","protected":false},"author":24,"featured_media":164983,"comment_status":"closed","ping_status":"closed","sticky":false,"template":"","format":"standard","meta":{"footnotes":""},"categories":[447,597,573,7541],"tags":[],"class_list":["post-167597","post","type-post","status-publish","format-standard","has-post-thumbnail","","category-local-politica","category-cinta-de-noticias","category-la-realidad-de-los-acontecimientos-en-siria","category-ultimas-noticias"],"_links":{"self":[{"href":"https:\/\/archive.sana.sy\/es\/index.php?rest_route=\/wp\/v2\/posts\/167597"}],"collection":[{"href":"https:\/\/archive.sana.sy\/es\/index.php?rest_route=\/wp\/v2\/posts"}],"about":[{"href":"https:\/\/archive.sana.sy\/es\/index.php?rest_route=\/wp\/v2\/types\/post"}],"author":[{"embeddable":true,"href":"https:\/\/archive.sana.sy\/es\/index.php?rest_route=\/wp\/v2\/users\/24"}],"replies":[{"embeddable":true,"href":"https:\/\/archive.sana.sy\/es\/index.php?rest_route=%2Fwp%2Fv2%2Fcomments&post=167597"}],"version-history":[{"count":0,"href":"https:\/\/archive.sana.sy\/es\/index.php?rest_route=\/wp\/v2\/posts\/167597\/revisions"}],"wp:featuredmedia":[{"embeddable":true,"href":"https:\/\/archive.sana.sy\/es\/index.php?rest_route=\/wp\/v2\/media\/164983"}],"wp:attachment":[{"href":"https:\/\/archive.sana.sy\/es\/index.php?rest_route=%2Fwp%2Fv2%2Fmedia&parent=167597"}],"wp:term":[{"taxonomy":"category","embeddable":true,"href":"https:\/\/archive.sana.sy\/es\/index.php?rest_route=%2Fwp%2Fv2%2Fcategories&post=167597"},{"taxonomy":"post_tag","embeddable":true,"href":"https:\/\/archive.sana.sy\/es\/index.php?rest_route=%2Fwp%2Fv2%2Ftags&post=167597"}],"curies":[{"name":"wp","href":"https:\/\/api.w.org\/{rel}","templated":true}]}}