{"id":167623,"date":"2021-01-26T21:05:18","date_gmt":"2021-01-26T19:05:18","guid":{"rendered":"http:\/\/107.6.182.27\/es\/?p=167623"},"modified":"2021-01-26T21:05:18","modified_gmt":"2021-01-26T19:05:18","slug":"las-unidades-del-ejercito-arabe-sirio-que-operan-en-deir-ezzor-eliminaron-al-grupo-terrorista-que-ataco-recientemente-varios-autobuses-civiles-y-militares-en-la-carretera-deir-ezzor-palmira","status":"publish","type":"post","link":"https:\/\/archive.sana.sy\/es\/?p=167623","title":{"rendered":"Las unidades del Ej\u00e9rcito \u00c1rabe Sirio que operan en Deir Ezzor eliminaron al grupo terrorista que atac\u00f3 recientemente varios autobuses civiles y militares en la carretera Deir Ezzor-Palmira"},"content":{"rendered":"","protected":false},"excerpt":{"rendered":"","protected":false},"author":24,"featured_media":0,"comment_status":"closed","ping_status":"closed","sticky":false,"template":"","format":"standard","meta":{"footnotes":""},"categories":[596],"tags":[],"class_list":["post-167623","post","type-post","status-publish","format-standard","","category-urgente"],"_links":{"self":[{"href":"https:\/\/archive.sana.sy\/es\/index.php?rest_route=\/wp\/v2\/posts\/167623"}],"collection":[{"href":"https:\/\/archive.sana.sy\/es\/index.php?rest_route=\/wp\/v2\/posts"}],"about":[{"href":"https:\/\/archive.sana.sy\/es\/index.php?rest_route=\/wp\/v2\/types\/post"}],"author":[{"embeddable":true,"href":"https:\/\/archive.sana.sy\/es\/index.php?rest_route=\/wp\/v2\/users\/24"}],"replies":[{"embeddable":true,"href":"https:\/\/archive.sana.sy\/es\/index.php?rest_route=%2Fwp%2Fv2%2Fcomments&post=167623"}],"version-history":[{"count":0,"href":"https:\/\/archive.sana.sy\/es\/index.php?rest_route=\/wp\/v2\/posts\/167623\/revisions"}],"wp:attachment":[{"href":"https:\/\/archive.sana.sy\/es\/index.php?rest_route=%2Fwp%2Fv2%2Fmedia&parent=167623"}],"wp:term":[{"taxonomy":"category","embeddable":true,"href":"https:\/\/archive.sana.sy\/es\/index.php?rest_route=%2Fwp%2Fv2%2Fcategories&post=167623"},{"taxonomy":"post_tag","embeddable":true,"href":"https:\/\/archive.sana.sy\/es\/index.php?rest_route=%2Fwp%2Fv2%2Ftags&post=167623"}],"curies":[{"name":"wp","href":"https:\/\/api.w.org\/{rel}","templated":true}]}}