{"id":167632,"date":"2021-01-26T22:21:19","date_gmt":"2021-01-26T20:21:19","guid":{"rendered":"http:\/\/107.6.182.27\/es\/?p=167632"},"modified":"2023-01-10T14:30:21","modified_gmt":"2023-01-10T12:30:21","slug":"muere-un-campesino-por-explosion-de-una-mina-mientras-araba-su-tierra-en-hefaya-hama","status":"publish","type":"post","link":"https:\/\/archive.sana.sy\/es\/?p=167632","title":{"rendered":"Muere un campesino por explosi\u00f3n de una mina mientras araba su tierra en Hefaya\/Hama"},"content":{"rendered":"<p style=\"text-align: justify;\"><span style=\"color: #800000;\"><strong>Hama, SANA<\/strong><\/span><\/p>\n<p style=\"text-align: justify;\">Un agricultor perdi\u00f3 la vida por la explosi\u00f3n de una mina remanente de las organizaciones terroristas en la ciudad de Helfaya, en el noroeste de la provincia central de Hama.<\/p>\n<p style=\"text-align: justify;\">La Polic\u00eda de Hama inform\u00f3 al corresponsal de SANA que una mina dejada por los terroristas del \u201cFrente Al-Nousra\u201d explot\u00f3 mientras el campesino araba su tierra con un tractor, lo que provoc\u00f3 su muerte y la destrucci\u00f3n del veh\u00edculo.<\/p>\n<p style=\"text-align: justify;\">Antes de su derrota a manos del ej\u00e9rcito sirio, las organizaciones terroristas colocaron minas en las calles, casas y tierras agr\u00edcolas de los civiles para impedir su retorno a sus hogares.<\/p>\n<p style=\"text-align: justify;\"><em><span style=\"color: #0000ff;\"><strong>fm<\/strong><\/span><\/em><\/p>\n","protected":false},"excerpt":{"rendered":"<p>Hama, SANA Un agricultor perdi\u00f3 la vida por la explosi\u00f3n de una mina remanente de las organizaciones terroristas en la ciudad de Helfaya, en el noroeste de la provincia central de Hama. La Polic\u00eda de Hama inform\u00f3 al corresponsal de SANA que una mina dejada por los terroristas del \u201cFrente Al-Nousra\u201d explot\u00f3 mientras el campesino &hellip;<\/p>\n","protected":false},"author":34,"featured_media":167633,"comment_status":"closed","ping_status":"closed","sticky":false,"template":"","format":"standard","meta":{"footnotes":""},"categories":[477,447,597,573,476,7541],"tags":[],"class_list":["post-167632","post","type-post","status-publish","format-standard","has-post-thumbnail","","category-noticias-edulcorantes","category-local-politica","category-cinta-de-noticias","category-la-realidad-de-los-acontecimientos-en-siria","category-locales","category-ultimas-noticias"],"_links":{"self":[{"href":"https:\/\/archive.sana.sy\/es\/index.php?rest_route=\/wp\/v2\/posts\/167632"}],"collection":[{"href":"https:\/\/archive.sana.sy\/es\/index.php?rest_route=\/wp\/v2\/posts"}],"about":[{"href":"https:\/\/archive.sana.sy\/es\/index.php?rest_route=\/wp\/v2\/types\/post"}],"author":[{"embeddable":true,"href":"https:\/\/archive.sana.sy\/es\/index.php?rest_route=\/wp\/v2\/users\/34"}],"replies":[{"embeddable":true,"href":"https:\/\/archive.sana.sy\/es\/index.php?rest_route=%2Fwp%2Fv2%2Fcomments&post=167632"}],"version-history":[{"count":0,"href":"https:\/\/archive.sana.sy\/es\/index.php?rest_route=\/wp\/v2\/posts\/167632\/revisions"}],"wp:featuredmedia":[{"embeddable":true,"href":"https:\/\/archive.sana.sy\/es\/index.php?rest_route=\/wp\/v2\/media\/167633"}],"wp:attachment":[{"href":"https:\/\/archive.sana.sy\/es\/index.php?rest_route=%2Fwp%2Fv2%2Fmedia&parent=167632"}],"wp:term":[{"taxonomy":"category","embeddable":true,"href":"https:\/\/archive.sana.sy\/es\/index.php?rest_route=%2Fwp%2Fv2%2Fcategories&post=167632"},{"taxonomy":"post_tag","embeddable":true,"href":"https:\/\/archive.sana.sy\/es\/index.php?rest_route=%2Fwp%2Fv2%2Ftags&post=167632"}],"curies":[{"name":"wp","href":"https:\/\/api.w.org\/{rel}","templated":true}]}}