{"id":167635,"date":"2021-01-26T22:35:03","date_gmt":"2021-01-26T20:35:03","guid":{"rendered":"http:\/\/107.6.182.27\/es\/?p=167635"},"modified":"2023-01-10T14:30:20","modified_gmt":"2023-01-10T12:30:20","slug":"ejercito-sirio-elimina-a-grupo-terrorista-en-el-desierto-de-deir-ezzor","status":"publish","type":"post","link":"https:\/\/archive.sana.sy\/es\/?p=167635","title":{"rendered":"Ej\u00e9rcito sirio elimina a grupo terrorista en el desierto de Deir Ezzor"},"content":{"rendered":"<p style=\"text-align: justify;\"><span style=\"color: #800000;\"><strong>Deir Ezzor, SANA<\/strong><\/span><\/p>\n<p style=\"text-align: justify;\">Las unidades del Ej\u00e9rcito \u00c1rabe Sirio que operan en la provincia oriental de Deir Ezzor eliminaron al grupo terrorista que atac\u00f3 recientemente varios autobuses civiles y militares en la carretera entre Deir Ezzor y Palmira.<\/p>\n<p style=\"text-align: justify;\">Un comandante del ej\u00e9rcito declar\u00f3 al corresponsal de SANA que \u201cdurante las operaciones de peinado de las zonas del desierto adyacentes a la carretera internacional entre Deir Ezzor y Palmira, se detectaron movimientos de remanentes del Daesh entre las \u00e1reas de Shula y Kabajab\u201d.<\/p>\n<p style=\"text-align: justify;\"><img loading=\"lazy\" decoding=\"async\" class=\"size-medium wp-image-167637 alignleft\" src=\"http:\/\/107.6.182.27\/es\/wp-content\/uploads\/2021\/01\/photo_2021-01-26_21-25-59-scaled-1-300x200.jpg\" alt=\"\" width=\"300\" height=\"200\" srcset=\"https:\/\/archive.sana.sy\/es\/wp-content\/uploads\/2021\/01\/photo_2021-01-26_21-25-59-scaled-1-300x200.jpg 300w, https:\/\/archive.sana.sy\/es\/wp-content\/uploads\/2021\/01\/photo_2021-01-26_21-25-59-scaled-1-1024x682.jpg 1024w, https:\/\/archive.sana.sy\/es\/wp-content\/uploads\/2021\/01\/photo_2021-01-26_21-25-59-scaled-1-150x100.jpg 150w, https:\/\/archive.sana.sy\/es\/wp-content\/uploads\/2021\/01\/photo_2021-01-26_21-25-59-scaled-1-768x512.jpg 768w, https:\/\/archive.sana.sy\/es\/wp-content\/uploads\/2021\/01\/photo_2021-01-26_21-25-59-scaled-1-1536x1024.jpg 1536w, https:\/\/archive.sana.sy\/es\/wp-content\/uploads\/2021\/01\/photo_2021-01-26_21-25-59-scaled-1-2048x1365.jpg 2048w\" sizes=\"(max-width: 300px) 100vw, 300px\" \/>Revel\u00f3 que los militares abrieron fuego contra los terroristas y abatieron a cinco de ellos y les destruyeron una camioneta artillada.<\/p>\n<p style=\"text-align: justify;\">Un grupo de terroristas atac\u00f3 varias veces a autobuses y coches de civiles y soldados durante el mes en curso, y la mayor\u00eda de esos radicales proven\u00edan de la zona de Tanef, donde est\u00e1n presentes ilegalmente las fuerzas de ocupaci\u00f3n de Estados Unidos.<\/p>\n<p style=\"text-align: justify;\"><em><span style=\"color: #0000ff;\"><strong>fm<\/strong><\/span><\/em><\/p>\n","protected":false},"excerpt":{"rendered":"<p>Deir Ezzor, SANA Las unidades del Ej\u00e9rcito \u00c1rabe Sirio que operan en la provincia oriental de Deir Ezzor eliminaron al grupo terrorista que atac\u00f3 recientemente varios autobuses civiles y militares en la carretera entre Deir Ezzor y Palmira. Un comandante del ej\u00e9rcito declar\u00f3 al corresponsal de SANA que \u201cdurante las operaciones de peinado de las &hellip;<\/p>\n","protected":false},"author":34,"featured_media":167636,"comment_status":"closed","ping_status":"closed","sticky":false,"template":"","format":"standard","meta":{"footnotes":""},"categories":[447,477,597,573,476,457,7541],"tags":[],"class_list":["post-167635","post","type-post","status-publish","format-standard","has-post-thumbnail","","category-local-politica","category-noticias-edulcorantes","category-cinta-de-noticias","category-la-realidad-de-los-acontecimientos-en-siria","category-locales","category-noticias-arabe-internacional-politica","category-ultimas-noticias"],"_links":{"self":[{"href":"https:\/\/archive.sana.sy\/es\/index.php?rest_route=\/wp\/v2\/posts\/167635"}],"collection":[{"href":"https:\/\/archive.sana.sy\/es\/index.php?rest_route=\/wp\/v2\/posts"}],"about":[{"href":"https:\/\/archive.sana.sy\/es\/index.php?rest_route=\/wp\/v2\/types\/post"}],"author":[{"embeddable":true,"href":"https:\/\/archive.sana.sy\/es\/index.php?rest_route=\/wp\/v2\/users\/34"}],"replies":[{"embeddable":true,"href":"https:\/\/archive.sana.sy\/es\/index.php?rest_route=%2Fwp%2Fv2%2Fcomments&post=167635"}],"version-history":[{"count":0,"href":"https:\/\/archive.sana.sy\/es\/index.php?rest_route=\/wp\/v2\/posts\/167635\/revisions"}],"wp:featuredmedia":[{"embeddable":true,"href":"https:\/\/archive.sana.sy\/es\/index.php?rest_route=\/wp\/v2\/media\/167636"}],"wp:attachment":[{"href":"https:\/\/archive.sana.sy\/es\/index.php?rest_route=%2Fwp%2Fv2%2Fmedia&parent=167635"}],"wp:term":[{"taxonomy":"category","embeddable":true,"href":"https:\/\/archive.sana.sy\/es\/index.php?rest_route=%2Fwp%2Fv2%2Fcategories&post=167635"},{"taxonomy":"post_tag","embeddable":true,"href":"https:\/\/archive.sana.sy\/es\/index.php?rest_route=%2Fwp%2Fv2%2Ftags&post=167635"}],"curies":[{"name":"wp","href":"https:\/\/api.w.org\/{rel}","templated":true}]}}