{"id":167691,"date":"2021-01-27T13:19:56","date_gmt":"2021-01-27T11:19:56","guid":{"rendered":"http:\/\/107.6.182.27\/es\/?p=167691"},"modified":"2023-01-12T14:42:07","modified_gmt":"2023-01-12T12:42:07","slug":"fuerzas-de-ocupacion-israelies-demuelen-una-mezquita-y-detienen-a-20-palestinos","status":"publish","type":"post","link":"https:\/\/archive.sana.sy\/es\/?p=167691","title":{"rendered":"Fuerzas de ocupaci\u00f3n israel\u00edes demuelen una mezquita y detienen a 20 palestinos"},"content":{"rendered":"<p style=\"text-align: justify\"><span style=\"color: #800000\">Jerusal\u00e9n ocupada, SANA<\/span><\/p>\n<p style=\"text-align: justify\">Las tropas sionistas demolieron la mezquita &#8221; Um Qasah&#8221; en el \u00e1rea de Masafer Yatta, al sur de Hebr\u00f3n, en Cisjordania.<\/p>\n<p style=\"text-align: justify\">El coordinador de los Comit\u00e9s de Protecci\u00f3n y de la Resistencia, Fuad Al-Amor, dijo que este crimen fue perpetrado por las fuerzas de ocupaci\u00f3n tras su allanamiento en varias localidades.<\/p>\n<p style=\"text-align: justify\">Por su parte, el Ministerio de Al-Awqaf palestino afirm\u00f3 que la demolici\u00f3n de la mezquita constituye un crimen de guerra y un ataque flagrante a los lugares sagrados en Palestina ocupada.<\/p>\n<p style=\"text-align: justify\">Las fuerzas de ocupaci\u00f3n intensificaron la demolici\u00f3n de viviendas y propiedades palestinas en Cisjordania en un desprecio a la comunidad internacional y a las resoluciones de la ONU, a su frente la No. 2334 que exige el cese inmediato de los asentamientos.<\/p>\n<p style=\"text-align: justify\">Asimismo, las fuerzas de ocupaci\u00f3n detuvieron de forma arbitraria a 20 j\u00f3venes palestinos en varias localidades de Cisjordania.<\/p>\n<p style=\"text-align: justify\"><span style=\"color: #0000ff\"><strong><em>ed\/fm\/la<\/em><\/strong><\/span><\/p>\n","protected":false},"excerpt":{"rendered":"<p>Jerusal\u00e9n ocupada, SANA Las tropas sionistas demolieron la mezquita &#8221; Um Qasah&#8221; en el \u00e1rea de Masafer Yatta, al sur de Hebr\u00f3n, en Cisjordania. El coordinador de los Comit\u00e9s de Protecci\u00f3n y de la Resistencia, Fuad Al-Amor, dijo que este crimen fue perpetrado por las fuerzas de ocupaci\u00f3n tras su allanamiento en varias localidades. Por &hellip;<\/p>\n","protected":false},"author":24,"featured_media":167692,"comment_status":"closed","ping_status":"closed","sticky":false,"template":"","format":"standard","meta":{"footnotes":""},"categories":[597,456,7541],"tags":[],"class_list":["post-167691","post","type-post","status-publish","format-standard","has-post-thumbnail","","category-cinta-de-noticias","category-arabe-internacional-politica","category-ultimas-noticias"],"_links":{"self":[{"href":"https:\/\/archive.sana.sy\/es\/index.php?rest_route=\/wp\/v2\/posts\/167691"}],"collection":[{"href":"https:\/\/archive.sana.sy\/es\/index.php?rest_route=\/wp\/v2\/posts"}],"about":[{"href":"https:\/\/archive.sana.sy\/es\/index.php?rest_route=\/wp\/v2\/types\/post"}],"author":[{"embeddable":true,"href":"https:\/\/archive.sana.sy\/es\/index.php?rest_route=\/wp\/v2\/users\/24"}],"replies":[{"embeddable":true,"href":"https:\/\/archive.sana.sy\/es\/index.php?rest_route=%2Fwp%2Fv2%2Fcomments&post=167691"}],"version-history":[{"count":0,"href":"https:\/\/archive.sana.sy\/es\/index.php?rest_route=\/wp\/v2\/posts\/167691\/revisions"}],"wp:featuredmedia":[{"embeddable":true,"href":"https:\/\/archive.sana.sy\/es\/index.php?rest_route=\/wp\/v2\/media\/167692"}],"wp:attachment":[{"href":"https:\/\/archive.sana.sy\/es\/index.php?rest_route=%2Fwp%2Fv2%2Fmedia&parent=167691"}],"wp:term":[{"taxonomy":"category","embeddable":true,"href":"https:\/\/archive.sana.sy\/es\/index.php?rest_route=%2Fwp%2Fv2%2Fcategories&post=167691"},{"taxonomy":"post_tag","embeddable":true,"href":"https:\/\/archive.sana.sy\/es\/index.php?rest_route=%2Fwp%2Fv2%2Ftags&post=167691"}],"curies":[{"name":"wp","href":"https:\/\/api.w.org\/{rel}","templated":true}]}}