{"id":167708,"date":"2021-01-27T15:22:04","date_gmt":"2021-01-27T13:22:04","guid":{"rendered":"http:\/\/107.6.182.27\/es\/?p=167708"},"modified":"2021-01-27T17:24:41","modified_gmt":"2021-01-27T15:24:41","slug":"musico-sirio-transmite-mensaje-de-paz-y-cultura-de-su-pais-a-las-ciudades-rusas","status":"publish","type":"post","link":"https:\/\/archive.sana.sy\/es\/?p=167708","title":{"rendered":"M\u00fasico sirio transmite mensaje de paz y cultura de su pa\u00eds a las ciudades rusas"},"content":{"rendered":"<p style=\"text-align: justify\"><span style=\"color: #800000\">Mosc\u00fa, SANA<\/span><\/p>\n<p style=\"text-align: justify\">El expatriado sirio Kamal Ballan, llev\u00f3 su m\u00fasica a las ciudades de Siberia en el norte de Rusia, donde realiz\u00f3 cinco conciertos musicales y culturales bajo el lema: Siria, la cuna de las civilizaciones.<a href=\"http:\/\/107.6.182.27\/es\/wp-content\/uploads\/2021\/01\/musico-sirio-en-Rusia.jpg\"><img loading=\"lazy\" decoding=\"async\" class=\"size-medium wp-image-167710 alignleft\" src=\"http:\/\/107.6.182.27\/es\/wp-content\/uploads\/2021\/01\/musico-sirio-en-Rusia-240x300.jpg\" alt=\"\" width=\"240\" height=\"300\" srcset=\"https:\/\/archive.sana.sy\/es\/wp-content\/uploads\/2021\/01\/musico-sirio-en-Rusia-240x300.jpg 240w, https:\/\/archive.sana.sy\/es\/wp-content\/uploads\/2021\/01\/musico-sirio-en-Rusia-120x150.jpg 120w, https:\/\/archive.sana.sy\/es\/wp-content\/uploads\/2021\/01\/musico-sirio-en-Rusia.jpg 480w\" sizes=\"(max-width: 240px) 100vw, 240px\" \/><\/a><\/p>\n<p style=\"text-align: justify\">Los conciertos, a los que asistieron integrantes de la comunidad \u00e1rabe y siria, y ciudadanos rusos, incluyeron actuaciones musicales y l\u00edricas, adem\u00e1s de la presentaci\u00f3n de un documental sobre la civilizaci\u00f3n siria y sus atractivos hist\u00f3ricos y tur\u00edsticos m\u00e1s importantes, con una m\u00fasica compuesta por Ballan.<\/p>\n<p style=\"text-align: justify\">En una declaraci\u00f3n a SANA, el m\u00fasico afirm\u00f3, que mediante sus conciertos, quiso transmitir al mundo un mensaje de que la guerra y el terror no pueden borrar una civilizaci\u00f3n que tiene miles de a\u00f1os y que Siria est\u00e1 llena de cultura y vida pese a la destrucci\u00f3n que quisieron imponerle.<\/p>\n<p style=\"text-align: justify\">Los conciertos incluyeron una breve explicaci\u00f3n de la historia de Siria, el descubrimiento del alfabeto ugar\u00edtico, la primera nota musical descubierta, la civilizaci\u00f3n de Mesopotamia, adem\u00e1s de un poema del Ballan que encarnaba los efectos de la guerra terrorista en Siria.<\/p>\n<p style=\"text-align: justify\">\n<span style=\"color: #0000ff\"><em><strong>fm\/la<\/strong><\/em><\/span><\/p>\n","protected":false},"excerpt":{"rendered":"<p>Mosc\u00fa, SANA El expatriado sirio Kamal Ballan, llev\u00f3 su m\u00fasica a las ciudades de Siberia en el norte de Rusia, donde realiz\u00f3 cinco conciertos musicales y culturales bajo el lema: Siria, la cuna de las civilizaciones. Los conciertos, a los que asistieron integrantes de la comunidad \u00e1rabe y siria, y ciudadanos rusos, incluyeron actuaciones musicales &hellip;<\/p>\n","protected":false},"author":24,"featured_media":167709,"comment_status":"closed","ping_status":"closed","sticky":false,"template":"","format":"standard","meta":{"footnotes":""},"categories":[597,510,467,7541],"tags":[],"class_list":["post-167708","post","type-post","status-publish","format-standard","has-post-thumbnail","","category-cinta-de-noticias","category-arte-y-cultura","category-siria-y-el-mundo","category-ultimas-noticias"],"_links":{"self":[{"href":"https:\/\/archive.sana.sy\/es\/index.php?rest_route=\/wp\/v2\/posts\/167708"}],"collection":[{"href":"https:\/\/archive.sana.sy\/es\/index.php?rest_route=\/wp\/v2\/posts"}],"about":[{"href":"https:\/\/archive.sana.sy\/es\/index.php?rest_route=\/wp\/v2\/types\/post"}],"author":[{"embeddable":true,"href":"https:\/\/archive.sana.sy\/es\/index.php?rest_route=\/wp\/v2\/users\/24"}],"replies":[{"embeddable":true,"href":"https:\/\/archive.sana.sy\/es\/index.php?rest_route=%2Fwp%2Fv2%2Fcomments&post=167708"}],"version-history":[{"count":0,"href":"https:\/\/archive.sana.sy\/es\/index.php?rest_route=\/wp\/v2\/posts\/167708\/revisions"}],"wp:featuredmedia":[{"embeddable":true,"href":"https:\/\/archive.sana.sy\/es\/index.php?rest_route=\/wp\/v2\/media\/167709"}],"wp:attachment":[{"href":"https:\/\/archive.sana.sy\/es\/index.php?rest_route=%2Fwp%2Fv2%2Fmedia&parent=167708"}],"wp:term":[{"taxonomy":"category","embeddable":true,"href":"https:\/\/archive.sana.sy\/es\/index.php?rest_route=%2Fwp%2Fv2%2Fcategories&post=167708"},{"taxonomy":"post_tag","embeddable":true,"href":"https:\/\/archive.sana.sy\/es\/index.php?rest_route=%2Fwp%2Fv2%2Ftags&post=167708"}],"curies":[{"name":"wp","href":"https:\/\/api.w.org\/{rel}","templated":true}]}}