{"id":167774,"date":"2021-01-28T12:49:01","date_gmt":"2021-01-28T10:49:01","guid":{"rendered":"http:\/\/107.6.182.27\/es\/?p=167774"},"modified":"2021-01-28T12:49:36","modified_gmt":"2021-01-28T10:49:36","slug":"milicia-mercenaria-de-washington-asesina-a-un-civil-e-hiere-a-otro-en-hasakeh","status":"publish","type":"post","link":"https:\/\/archive.sana.sy\/es\/?p=167774","title":{"rendered":"Milicia mercenaria de Washington asesina a un civil e hiere a otro en Hasakeh"},"content":{"rendered":"<p style=\"text-align: justify;\"><span style=\"color: #800000;\"><strong>Hasakeh, SANA<\/strong><\/span><\/p>\n<p style=\"text-align: justify;\">Un civil perdi\u00f3 la vida y otro result\u00f3 herido por disparos de la milicia FDS, apadrinada por la ocupaci\u00f3n estadounidense, en la localidad de Tishreen en el este de Hasakeh.<\/p>\n<p style=\"text-align: justify;\">Activistas locales citados por el corresponsal de SANA indicaron que los integrantes de &#8220;FDS&#8221; dispararon con sus ametralladoras contra los residentes, lo que provoc\u00f3 la muerte de uno de sus habitantes mientras otro result\u00f3 herido.<\/p>\n<p style=\"text-align: justify;\">Se\u00f1alaron que los civiles salieron a las calles para protestar contra las pr\u00e1cticas criminales de esta milicia y bloquearon la carretera entre los poblados Al-Faj y Tannir.<\/p>\n<p style=\"text-align: justify;\"><strong><span style=\"color: #0000ff;\">ed\/fm<\/span><\/strong><\/p>\n","protected":false},"excerpt":{"rendered":"<p>Hasakeh, SANA Un civil perdi\u00f3 la vida y otro result\u00f3 herido por disparos de la milicia FDS, apadrinada por la ocupaci\u00f3n estadounidense, en la localidad de Tishreen en el este de Hasakeh. Activistas locales citados por el corresponsal de SANA indicaron que los integrantes de &#8220;FDS&#8221; dispararon con sus ametralladoras contra los residentes, lo que &hellip;<\/p>\n","protected":false},"author":32,"featured_media":167569,"comment_status":"closed","ping_status":"closed","sticky":false,"template":"","format":"standard","meta":{"footnotes":""},"categories":[597,573,476,7541],"tags":[],"class_list":["post-167774","post","type-post","status-publish","format-standard","has-post-thumbnail","","category-cinta-de-noticias","category-la-realidad-de-los-acontecimientos-en-siria","category-locales","category-ultimas-noticias"],"_links":{"self":[{"href":"https:\/\/archive.sana.sy\/es\/index.php?rest_route=\/wp\/v2\/posts\/167774"}],"collection":[{"href":"https:\/\/archive.sana.sy\/es\/index.php?rest_route=\/wp\/v2\/posts"}],"about":[{"href":"https:\/\/archive.sana.sy\/es\/index.php?rest_route=\/wp\/v2\/types\/post"}],"author":[{"embeddable":true,"href":"https:\/\/archive.sana.sy\/es\/index.php?rest_route=\/wp\/v2\/users\/32"}],"replies":[{"embeddable":true,"href":"https:\/\/archive.sana.sy\/es\/index.php?rest_route=%2Fwp%2Fv2%2Fcomments&post=167774"}],"version-history":[{"count":0,"href":"https:\/\/archive.sana.sy\/es\/index.php?rest_route=\/wp\/v2\/posts\/167774\/revisions"}],"wp:featuredmedia":[{"embeddable":true,"href":"https:\/\/archive.sana.sy\/es\/index.php?rest_route=\/wp\/v2\/media\/167569"}],"wp:attachment":[{"href":"https:\/\/archive.sana.sy\/es\/index.php?rest_route=%2Fwp%2Fv2%2Fmedia&parent=167774"}],"wp:term":[{"taxonomy":"category","embeddable":true,"href":"https:\/\/archive.sana.sy\/es\/index.php?rest_route=%2Fwp%2Fv2%2Fcategories&post=167774"},{"taxonomy":"post_tag","embeddable":true,"href":"https:\/\/archive.sana.sy\/es\/index.php?rest_route=%2Fwp%2Fv2%2Ftags&post=167774"}],"curies":[{"name":"wp","href":"https:\/\/api.w.org\/{rel}","templated":true}]}}