{"id":167777,"date":"2021-01-28T14:03:34","date_gmt":"2021-01-28T12:03:34","guid":{"rendered":"http:\/\/107.6.182.27\/es\/?p=167777"},"modified":"2021-01-28T15:29:28","modified_gmt":"2021-01-28T13:29:28","slug":"ejercito-sirio-elimina-a-grupo-terrorista-en-el-desierto-de-deir-ezzor-2","status":"publish","type":"post","link":"https:\/\/archive.sana.sy\/es\/?p=167777","title":{"rendered":"Ej\u00e9rcito sirio elimina a grupo terrorista en el desierto de Deir Ezzor"},"content":{"rendered":"<p style=\"text-align: justify;\"><span style=\"color: #800000;\"><strong>Deir Ezzor, SANA<\/strong><\/span><\/p>\n<p style=\"text-align: justify;\">Las unidades del Ej\u00e9rcito \u00c1rabe Sirio continuaron sus operaciones de persecuci\u00f3n a los grupos terroristas en el desierto de la provincia de Deir Ezzor, y eliminaron en las recientes horas a un grupo integrado por tres radicales y destruyeron un veh\u00edculo todoterreno suyo equipado con una ametralladora, as\u00ed como encontraron un escondite terrorista.<\/p>\n<p style=\"text-align: justify;\">El ej\u00e9rcito sirio hab\u00eda anunciado la v\u00edspera, la destrucci\u00f3n de dos camionetas equipadas con ametralladoras pesadas y la eliminaci\u00f3n de ocho terroristas.<\/p>\n<p style=\"text-align: justify;\">Precis\u00f3 que los militares contin\u00faan su persecuci\u00f3n a los remanentes de los terroristas en la regi\u00f3n tras asegurar por completo la carretera internacional entre Deir Ezzor y Palmira ante el paso de autobuses y ciudadanos.<\/p>\n<p style=\"text-align: justify;\">Un grupo de terroristas atac\u00f3 varias veces durante el mes en curso, a autobuses y coches de civiles y soldados.<\/p>\n<p style=\"text-align: justify;\">La mayor\u00eda de esos radicales proven\u00edan de la zona de Tanef donde est\u00e1n presentes ilegalmente las fuerzas de ocupaci\u00f3n de Estados Unidos.<\/p>\n<p style=\"text-align: justify;\"><strong><span style=\"color: #0000ff;\">fm\/ed<\/span><\/strong><\/p>\n","protected":false},"excerpt":{"rendered":"<p>Deir Ezzor, SANA Las unidades del Ej\u00e9rcito \u00c1rabe Sirio continuaron sus operaciones de persecuci\u00f3n a los grupos terroristas en el desierto de la provincia de Deir Ezzor, y eliminaron en las recientes horas a un grupo integrado por tres radicales y destruyeron un veh\u00edculo todoterreno suyo equipado con una ametralladora, as\u00ed como encontraron un escondite &hellip;<\/p>\n","protected":false},"author":32,"featured_media":167778,"comment_status":"closed","ping_status":"closed","sticky":false,"template":"","format":"standard","meta":{"footnotes":""},"categories":[597,573,476,583],"tags":[],"class_list":["post-167777","post","type-post","status-publish","format-standard","has-post-thumbnail","","category-cinta-de-noticias","category-la-realidad-de-los-acontecimientos-en-siria","category-locales","category-slide"],"_links":{"self":[{"href":"https:\/\/archive.sana.sy\/es\/index.php?rest_route=\/wp\/v2\/posts\/167777"}],"collection":[{"href":"https:\/\/archive.sana.sy\/es\/index.php?rest_route=\/wp\/v2\/posts"}],"about":[{"href":"https:\/\/archive.sana.sy\/es\/index.php?rest_route=\/wp\/v2\/types\/post"}],"author":[{"embeddable":true,"href":"https:\/\/archive.sana.sy\/es\/index.php?rest_route=\/wp\/v2\/users\/32"}],"replies":[{"embeddable":true,"href":"https:\/\/archive.sana.sy\/es\/index.php?rest_route=%2Fwp%2Fv2%2Fcomments&post=167777"}],"version-history":[{"count":0,"href":"https:\/\/archive.sana.sy\/es\/index.php?rest_route=\/wp\/v2\/posts\/167777\/revisions"}],"wp:featuredmedia":[{"embeddable":true,"href":"https:\/\/archive.sana.sy\/es\/index.php?rest_route=\/wp\/v2\/media\/167778"}],"wp:attachment":[{"href":"https:\/\/archive.sana.sy\/es\/index.php?rest_route=%2Fwp%2Fv2%2Fmedia&parent=167777"}],"wp:term":[{"taxonomy":"category","embeddable":true,"href":"https:\/\/archive.sana.sy\/es\/index.php?rest_route=%2Fwp%2Fv2%2Fcategories&post=167777"},{"taxonomy":"post_tag","embeddable":true,"href":"https:\/\/archive.sana.sy\/es\/index.php?rest_route=%2Fwp%2Fv2%2Ftags&post=167777"}],"curies":[{"name":"wp","href":"https:\/\/api.w.org\/{rel}","templated":true}]}}