{"id":167816,"date":"2021-01-29T08:50:00","date_gmt":"2021-01-29T06:50:00","guid":{"rendered":"http:\/\/107.6.182.27\/es\/?p=167816"},"modified":"2021-01-29T08:50:00","modified_gmt":"2021-01-29T06:50:00","slug":"siria-en-sintesis-29-de-enero-del-2021","status":"publish","type":"post","link":"https:\/\/archive.sana.sy\/es\/?p=167816","title":{"rendered":"Siria en S\u00edntesis, 29 de Enero del 2021"},"content":{"rendered":"<p style=\"text-align: justify;\"><span style=\"color: #800000;\"><strong>Damasco, SANA<\/strong><\/span><\/p>\n<p style=\"text-align: justify;\">????????Siria condena pol\u00edtica injerencista de EE.UU contra China<\/p>\n<p style=\"text-align: justify;\">????????Los pa\u00edses que apoyan el terrorismo se empe\u00f1an para prolongar la guerra contra Siria, denuncian Mosc\u00fa y Damasco<\/p>\n<p style=\"text-align: justify;\">????????Ocupaci\u00f3n estadounidense establece nueva base militar ilegal en Hasakeh<\/p>\n<p style=\"text-align: justify;\">????????Ej\u00e9rcito sirio elimina a grupo terrorista en el desierto de Deir Ezzor<\/p>\n<p style=\"text-align: justify;\">????????Conversaciones sirio-argelinas para la cooperaci\u00f3n comercial<\/p>\n<p style=\"text-align: justify;\">????????Siria e Irak afirman la necesidad de aunar esfuerzos internacionales frente al terrorismo<\/p>\n<p style=\"text-align: justify;\">????????Reconstruyen dos sedes de instituciones estatales afectadas por el terrorismo en Dareya\/Damasco<\/p>\n<p style=\"text-align: justify;\">????????Los empleados de la Empresa de Agua vuelven a su trabajo despu\u00e9s de haber sido expulsado por la milicia &#8220;FDS&#8221;<\/p>\n<p style=\"text-align: justify;\">????????Uni\u00f3n de Abogados \u00c1rabes condena la agresi\u00f3n turca contra el territorio sirio<\/p>\n<p style=\"text-align: justify;\">????????El ocupante turco bombardea ciudad de Ain Issa en el norte de Raqa<\/p>\n<p style=\"text-align: justify;\">????????Encarcelan a experto penal por haber revelado apoyo de inteligencia turca a terroristas en Siria<\/p>\n<p style=\"text-align: justify;\">????????Terroristas asesinan al jefe del ayuntamiento de Nahta\/Deraa<\/p>\n<p style=\"text-align: justify;\">????????Milicia mercenaria de Washington asesina a un civil e hiere a otro en Hasakeh<\/p>\n<p style=\"text-align: justify;\">????????Fuerzas de ocupaci\u00f3n israel\u00edes arrestaron a 16 palestinos en Cisjordania<\/p>\n<p style=\"text-align: justify;\">????????Las fuerzas de ocupaci\u00f3n israel\u00edes demolieron dos viviendas y tres instalaciones al norte de Jeric\u00f3<\/p>\n<p style=\"text-align: justify;\">\n","protected":false},"excerpt":{"rendered":"<p>Damasco, SANA ????????Siria condena pol\u00edtica injerencista de EE.UU contra China ????????Los pa\u00edses que apoyan el terrorismo se empe\u00f1an para prolongar la guerra contra Siria, denuncian Mosc\u00fa y Damasco ????????Ocupaci\u00f3n estadounidense establece nueva base militar ilegal en Hasakeh ????????Ej\u00e9rcito sirio elimina a grupo terrorista en el desierto de Deir Ezzor ????????Conversaciones sirio-argelinas para la cooperaci\u00f3n comercial &hellip;<\/p>\n","protected":false},"author":30,"featured_media":167817,"comment_status":"closed","ping_status":"closed","sticky":false,"template":"","format":"standard","meta":{"footnotes":""},"categories":[555,597],"tags":[18736],"class_list":["post-167816","post","type-post","status-publish","format-standard","has-post-thumbnail","","category-prensa","category-cinta-de-noticias","tag-siria-en-sintesis-29-de-enero-del-2021"],"_links":{"self":[{"href":"https:\/\/archive.sana.sy\/es\/index.php?rest_route=\/wp\/v2\/posts\/167816"}],"collection":[{"href":"https:\/\/archive.sana.sy\/es\/index.php?rest_route=\/wp\/v2\/posts"}],"about":[{"href":"https:\/\/archive.sana.sy\/es\/index.php?rest_route=\/wp\/v2\/types\/post"}],"author":[{"embeddable":true,"href":"https:\/\/archive.sana.sy\/es\/index.php?rest_route=\/wp\/v2\/users\/30"}],"replies":[{"embeddable":true,"href":"https:\/\/archive.sana.sy\/es\/index.php?rest_route=%2Fwp%2Fv2%2Fcomments&post=167816"}],"version-history":[{"count":0,"href":"https:\/\/archive.sana.sy\/es\/index.php?rest_route=\/wp\/v2\/posts\/167816\/revisions"}],"wp:featuredmedia":[{"embeddable":true,"href":"https:\/\/archive.sana.sy\/es\/index.php?rest_route=\/wp\/v2\/media\/167817"}],"wp:attachment":[{"href":"https:\/\/archive.sana.sy\/es\/index.php?rest_route=%2Fwp%2Fv2%2Fmedia&parent=167816"}],"wp:term":[{"taxonomy":"category","embeddable":true,"href":"https:\/\/archive.sana.sy\/es\/index.php?rest_route=%2Fwp%2Fv2%2Fcategories&post=167816"},{"taxonomy":"post_tag","embeddable":true,"href":"https:\/\/archive.sana.sy\/es\/index.php?rest_route=%2Fwp%2Fv2%2Ftags&post=167816"}],"curies":[{"name":"wp","href":"https:\/\/api.w.org\/{rel}","templated":true}]}}