{"id":167867,"date":"2021-01-29T17:11:50","date_gmt":"2021-01-29T15:11:50","guid":{"rendered":"http:\/\/107.6.182.27\/es\/?p=167867"},"modified":"2023-01-10T14:30:19","modified_gmt":"2023-01-10T12:30:19","slug":"denuncian-nuevas-medidas-de-turquizacion-en-localidades-sirias-ocupadas-por-ankara","status":"publish","type":"post","link":"https:\/\/archive.sana.sy\/es\/?p=167867","title":{"rendered":"Denuncian nuevas medidas de turquizaci\u00f3n en localidades sirias ocupadas por Ankara"},"content":{"rendered":"<p style=\"text-align: justify;\"><span style=\"color: #800000;\"><strong>Raqa, SANA<\/strong><\/span><\/p>\n<p style=\"text-align: justify;\">El r\u00e9gimen turco encabezado por Recep Tayyip Erdogan, persiste en su pol\u00edtica sistem\u00e1tica de turquizaci\u00f3n en las \u00e1reas ocupadas por sus fuerzas y organizaciones terroristas en el norte de Siria.<\/p>\n<p style=\"text-align: justify;\">En este sentido, procedi\u00f3 a cambiar las caracter\u00edsticas de las localidades sirias al realizar cambio demogr\u00e1fico en las mismas mediante la deportaci\u00f3n de sus habitantes, adem\u00e1s de imponer el uso de la moneda turca, y cambiar los planes de estudios escolares y los nombres de las localidades.<\/p>\n<p style=\"text-align: justify;\">El m\u00e1s reciente paso de turquizaci\u00f3n, seg\u00fan informan activistas locales a SANA, es establecer una sucursal de la Empresa Postal Turca en la ocupada ciudad de Tal Abyad en el norte de la provincia siria de Raqa.<\/p>\n<p style=\"text-align: justify;\">Asimismo, las fuerzas de ocupaci\u00f3n turca procedieron desde el inicio de su agresi\u00f3n y ocupaci\u00f3n al norte sirio, a instalar torres de las empresas de telecomunicaci\u00f3n turcas e izaron las banderas turcas sobre las sedes e instituciones gubernamentales despu\u00e9s de que fueran ocupadas por los mercenarios de Erdogan.<\/p>\n<p style=\"text-align: justify;\">A su vez, el portal \u201cAsuntos de Turqu\u00eda\u201d revel\u00f3 hoy que el r\u00e9gimen de Erdogan ha distribuido hasta ahora alrededor de 400 mil libros turcos a estudiantes sirios en las ciudades de Afr\u00edn, Jarablus, Al-Bab, Azaz, Akhtarin, Maree y otras, en las regiones ocupadas en el norte de Siria, as\u00ed como planea establecer varias universidades turcas para profundizar a\u00fan m\u00e1s la pol\u00edtica de Turquizaci\u00f3n.<\/p>\n<p style=\"text-align: justify;\">El r\u00e9gimen turco que invadi\u00f3 a Afr\u00edn en 2018, procedi\u00f3 deliberadamente a dar nombres turcos a las principales plazas y pueblos pertenecientes a este municipio, como por ejemplo cambiar el nombre de la localidad de Qastal Miqdad por Seljuk Obasi y dio el nombre de Ataturk a su plaza principal.<\/p>\n<p style=\"text-align: justify;\">En la ciudad de Ras al-Ain en la provincia de Hasakeh, se inaugur\u00f3 una escuela que se le dio el nombre de \u201cAnkara\u201d, en presencia del gobernador turco de Mardin, y es la octava escuela que le cambian de nombre en las zonas ocupadas por fuerzas turcas y los grupos terroristas que est\u00e1n bajo su mando.<\/p>\n<p style=\"text-align: justify;\"><span style=\"color: #0000ff;\"><strong><em>fm<\/em><\/strong><\/span><\/p>\n","protected":false},"excerpt":{"rendered":"<p>Raqa, SANA El r\u00e9gimen turco encabezado por Recep Tayyip Erdogan, persiste en su pol\u00edtica sistem\u00e1tica de turquizaci\u00f3n en las \u00e1reas ocupadas por sus fuerzas y organizaciones terroristas en el norte de Siria. En este sentido, procedi\u00f3 a cambiar las caracter\u00edsticas de las localidades sirias al realizar cambio demogr\u00e1fico en las mismas mediante la deportaci\u00f3n de &hellip;<\/p>\n","protected":false},"author":34,"featured_media":167873,"comment_status":"closed","ping_status":"closed","sticky":false,"template":"","format":"standard","meta":{"footnotes":""},"categories":[477,447,597,573,476,7541],"tags":[],"class_list":["post-167867","post","type-post","status-publish","format-standard","has-post-thumbnail","","category-noticias-edulcorantes","category-local-politica","category-cinta-de-noticias","category-la-realidad-de-los-acontecimientos-en-siria","category-locales","category-ultimas-noticias"],"_links":{"self":[{"href":"https:\/\/archive.sana.sy\/es\/index.php?rest_route=\/wp\/v2\/posts\/167867"}],"collection":[{"href":"https:\/\/archive.sana.sy\/es\/index.php?rest_route=\/wp\/v2\/posts"}],"about":[{"href":"https:\/\/archive.sana.sy\/es\/index.php?rest_route=\/wp\/v2\/types\/post"}],"author":[{"embeddable":true,"href":"https:\/\/archive.sana.sy\/es\/index.php?rest_route=\/wp\/v2\/users\/34"}],"replies":[{"embeddable":true,"href":"https:\/\/archive.sana.sy\/es\/index.php?rest_route=%2Fwp%2Fv2%2Fcomments&post=167867"}],"version-history":[{"count":0,"href":"https:\/\/archive.sana.sy\/es\/index.php?rest_route=\/wp\/v2\/posts\/167867\/revisions"}],"wp:featuredmedia":[{"embeddable":true,"href":"https:\/\/archive.sana.sy\/es\/index.php?rest_route=\/wp\/v2\/media\/167873"}],"wp:attachment":[{"href":"https:\/\/archive.sana.sy\/es\/index.php?rest_route=%2Fwp%2Fv2%2Fmedia&parent=167867"}],"wp:term":[{"taxonomy":"category","embeddable":true,"href":"https:\/\/archive.sana.sy\/es\/index.php?rest_route=%2Fwp%2Fv2%2Fcategories&post=167867"},{"taxonomy":"post_tag","embeddable":true,"href":"https:\/\/archive.sana.sy\/es\/index.php?rest_route=%2Fwp%2Fv2%2Ftags&post=167867"}],"curies":[{"name":"wp","href":"https:\/\/api.w.org\/{rel}","templated":true}]}}