{"id":167870,"date":"2021-01-29T17:50:32","date_gmt":"2021-01-29T15:50:32","guid":{"rendered":"http:\/\/107.6.182.27\/es\/?p=167870"},"modified":"2021-01-29T17:50:32","modified_gmt":"2021-01-29T15:50:32","slug":"gobernador-de-hasakeh-asedio-de-la-milicia-fds-agravo-la-situacion-humanitaria-en-ciudades-de-hasakeh-y-qamishli","status":"publish","type":"post","link":"https:\/\/archive.sana.sy\/es\/?p=167870","title":{"rendered":"Gobernador de Hasakeh: asedio de la milicia FDS agrav\u00f3 la situaci\u00f3n humanitaria en ciudades de Hasakeh y Qamishli"},"content":{"rendered":"<p><span style=\"color: #800000;\">Hasakeh, SANA<\/span><\/p>\n<p style=\"text-align: justify;\">El gobernador de la provincia nororiental siria de Hasakeh, Ghassan Khalil, afirm\u00f3 que el injusto asedio impuesto por la autoproclama milicia Fuerzas Democr\u00e1ticas de Siria (FDS), apoyada por las fuerzas de ocupaci\u00f3n estadounidenses en las ciudades de Hasakah y Qamishli, ha exacerbado la situaci\u00f3n humanitaria y de servicios, e impidi\u00f3 la provisi\u00f3n de necesidades de vida b\u00e1sicas de los ciudadanos.<\/p>\n<p style=\"text-align: justify;\">En una declaraci\u00f3n al corresponsal de SANA, Khalil dijo que la continuaci\u00f3n del asedio por decimosexto d\u00eda consecutivo contra el centro de la ciudad de Hasakeh y los vecindarios de Tayy y Halko en Qamishli, y la prevenci\u00f3n de la entrada de alimentos, combustible y harina para panader\u00edas, adem\u00e1s de los materiales y medicamentos, ha tenido un impacto negativo en los ciudadanos y en la situaci\u00f3n de los servicio, a pesar de los continuos esfuerzos para asegurar el m\u00ednimo de estos servicios.<\/p>\n<p style=\"text-align: justify;\">En un contexto relacionado, la milicia impidi\u00f3 la entrada de harina y combustible para alimentar las panader\u00edas p\u00fablicas y privadas, lo que caus\u00f3 su interrupci\u00f3n.<\/p>\n<p style=\"text-align: justify;\"><span style=\"color: #0000ff;\">fm\/rr<\/span><\/p>\n","protected":false},"excerpt":{"rendered":"<p>Hasakeh, SANA El gobernador de la provincia nororiental siria de Hasakeh, Ghassan Khalil, afirm\u00f3 que el injusto asedio impuesto por la autoproclama milicia Fuerzas Democr\u00e1ticas de Siria (FDS), apoyada por las fuerzas de ocupaci\u00f3n estadounidenses en las ciudades de Hasakah y Qamishli, ha exacerbado la situaci\u00f3n humanitaria y de servicios, e impidi\u00f3 la provisi\u00f3n de &hellip;<\/p>\n","protected":false},"author":31,"featured_media":167871,"comment_status":"closed","ping_status":"closed","sticky":false,"template":"","format":"standard","meta":{"footnotes":""},"categories":[597,573,7541],"tags":[],"class_list":["post-167870","post","type-post","status-publish","format-standard","has-post-thumbnail","","category-cinta-de-noticias","category-la-realidad-de-los-acontecimientos-en-siria","category-ultimas-noticias"],"_links":{"self":[{"href":"https:\/\/archive.sana.sy\/es\/index.php?rest_route=\/wp\/v2\/posts\/167870"}],"collection":[{"href":"https:\/\/archive.sana.sy\/es\/index.php?rest_route=\/wp\/v2\/posts"}],"about":[{"href":"https:\/\/archive.sana.sy\/es\/index.php?rest_route=\/wp\/v2\/types\/post"}],"author":[{"embeddable":true,"href":"https:\/\/archive.sana.sy\/es\/index.php?rest_route=\/wp\/v2\/users\/31"}],"replies":[{"embeddable":true,"href":"https:\/\/archive.sana.sy\/es\/index.php?rest_route=%2Fwp%2Fv2%2Fcomments&post=167870"}],"version-history":[{"count":0,"href":"https:\/\/archive.sana.sy\/es\/index.php?rest_route=\/wp\/v2\/posts\/167870\/revisions"}],"wp:featuredmedia":[{"embeddable":true,"href":"https:\/\/archive.sana.sy\/es\/index.php?rest_route=\/wp\/v2\/media\/167871"}],"wp:attachment":[{"href":"https:\/\/archive.sana.sy\/es\/index.php?rest_route=%2Fwp%2Fv2%2Fmedia&parent=167870"}],"wp:term":[{"taxonomy":"category","embeddable":true,"href":"https:\/\/archive.sana.sy\/es\/index.php?rest_route=%2Fwp%2Fv2%2Fcategories&post=167870"},{"taxonomy":"post_tag","embeddable":true,"href":"https:\/\/archive.sana.sy\/es\/index.php?rest_route=%2Fwp%2Fv2%2Ftags&post=167870"}],"curies":[{"name":"wp","href":"https:\/\/api.w.org\/{rel}","templated":true}]}}