{"id":168035,"date":"2021-01-31T15:09:39","date_gmt":"2021-01-31T13:09:39","guid":{"rendered":"http:\/\/107.6.182.27\/es\/?p=168035"},"modified":"2021-01-31T15:10:18","modified_gmt":"2021-01-31T13:10:18","slug":"martires-y-heridos-por-la-explosion-de-un-coche-bomba-en-la-ciudad-de-azaz-en-el-norte-de-alepo-y-controlada-por-grupos-terroristas-y-fuerzas-de-ocupacion-turcas-reporta-el-corresponsal-de-s","status":"publish","type":"post","link":"https:\/\/archive.sana.sy\/es\/?p=168035","title":{"rendered":"M\u00e1rtires y heridos por la explosi\u00f3n de un coche bomba en la ciudad de Azaz, en el norte de Alepo, y controlada por grupos terroristas y fuerzas de ocupaci\u00f3n turcas, reporta el corresponsal de SANA citando a fuentes locales"},"content":{"rendered":"","protected":false},"excerpt":{"rendered":"","protected":false},"author":34,"featured_media":0,"comment_status":"closed","ping_status":"closed","sticky":false,"template":"","format":"standard","meta":{"footnotes":""},"categories":[596],"tags":[],"class_list":["post-168035","post","type-post","status-publish","format-standard","","category-urgente"],"_links":{"self":[{"href":"https:\/\/archive.sana.sy\/es\/index.php?rest_route=\/wp\/v2\/posts\/168035"}],"collection":[{"href":"https:\/\/archive.sana.sy\/es\/index.php?rest_route=\/wp\/v2\/posts"}],"about":[{"href":"https:\/\/archive.sana.sy\/es\/index.php?rest_route=\/wp\/v2\/types\/post"}],"author":[{"embeddable":true,"href":"https:\/\/archive.sana.sy\/es\/index.php?rest_route=\/wp\/v2\/users\/34"}],"replies":[{"embeddable":true,"href":"https:\/\/archive.sana.sy\/es\/index.php?rest_route=%2Fwp%2Fv2%2Fcomments&post=168035"}],"version-history":[{"count":0,"href":"https:\/\/archive.sana.sy\/es\/index.php?rest_route=\/wp\/v2\/posts\/168035\/revisions"}],"wp:attachment":[{"href":"https:\/\/archive.sana.sy\/es\/index.php?rest_route=%2Fwp%2Fv2%2Fmedia&parent=168035"}],"wp:term":[{"taxonomy":"category","embeddable":true,"href":"https:\/\/archive.sana.sy\/es\/index.php?rest_route=%2Fwp%2Fv2%2Fcategories&post=168035"},{"taxonomy":"post_tag","embeddable":true,"href":"https:\/\/archive.sana.sy\/es\/index.php?rest_route=%2Fwp%2Fv2%2Ftags&post=168035"}],"curies":[{"name":"wp","href":"https:\/\/api.w.org\/{rel}","templated":true}]}}