{"id":168146,"date":"2021-02-01T13:06:18","date_gmt":"2021-02-01T11:06:18","guid":{"rendered":"http:\/\/107.6.182.27\/es\/?p=168146"},"modified":"2021-02-02T07:55:16","modified_gmt":"2021-02-02T05:55:16","slug":"siria-y-rusia-abordan-vias-de-desarrollar-cooperacion-entre-universidades-e-instituciones-academicas","status":"publish","type":"post","link":"https:\/\/archive.sana.sy\/es\/?p=168146","title":{"rendered":"Siria y Rusia abordan v\u00edas de desarrollar cooperaci\u00f3n entre universidades e instituciones acad\u00e9micas"},"content":{"rendered":"<p><span style=\"color: #800000;\">Damasco, SANA<\/span><\/p>\n<p style=\"text-align: justify;\">El rector de la Universidad de Damasco, Muhammad Yasar Abdin, abord\u00f3 con el director del Centro Cultural Ruso en Damasco, Nikolai Sukhov, las v\u00edas de desarrollar las relaciones de cooperaci\u00f3n cient\u00edfica y cultural con las universidades e instituciones cient\u00edficas y acad\u00e9micas rusas.<\/p>\n<p style=\"text-align: justify;\">Las dos partes discutieron los mecanismos para activar los acuerdos firmados entre la Universidad de Damasco y varias universidades rusas y la posibilidad de firmar nuevos acuerdos que toman en cuenta las prioridades de las dos partes.<\/p>\n<p style=\"text-align: justify;\">Tambi\u00e9n, se abord\u00f3 la posibilidad de la cooperaci\u00f3n conjunta en el \u00e1mbito de la investigaci\u00f3n cient\u00edfica y la organizaci\u00f3n de conferencias, seminarios y eventos cient\u00edficos.<\/p>\n<p><span style=\"color: #0000ff;\">ed\/fm\/rr<\/span><\/p>\n<p><img decoding=\"async\" src=\"http:\/\/107.6.182.27\/wp-content\/uploads\/2021\/02\/21.jpg\" \/><\/p>\n","protected":false},"excerpt":{"rendered":"<p>Damasco, SANA El rector de la Universidad de Damasco, Muhammad Yasar Abdin, abord\u00f3 con el director del Centro Cultural Ruso en Damasco, Nikolai Sukhov, las v\u00edas de desarrollar las relaciones de cooperaci\u00f3n cient\u00edfica y cultural con las universidades e instituciones cient\u00edficas y acad\u00e9micas rusas. Las dos partes discutieron los mecanismos para activar los acuerdos firmados &hellip;<\/p>\n","protected":false},"author":31,"featured_media":168148,"comment_status":"closed","ping_status":"closed","sticky":false,"template":"","format":"standard","meta":{"footnotes":""},"categories":[597,476,7541],"tags":[],"class_list":["post-168146","post","type-post","status-publish","format-standard","has-post-thumbnail","","category-cinta-de-noticias","category-locales","category-ultimas-noticias"],"_links":{"self":[{"href":"https:\/\/archive.sana.sy\/es\/index.php?rest_route=\/wp\/v2\/posts\/168146"}],"collection":[{"href":"https:\/\/archive.sana.sy\/es\/index.php?rest_route=\/wp\/v2\/posts"}],"about":[{"href":"https:\/\/archive.sana.sy\/es\/index.php?rest_route=\/wp\/v2\/types\/post"}],"author":[{"embeddable":true,"href":"https:\/\/archive.sana.sy\/es\/index.php?rest_route=\/wp\/v2\/users\/31"}],"replies":[{"embeddable":true,"href":"https:\/\/archive.sana.sy\/es\/index.php?rest_route=%2Fwp%2Fv2%2Fcomments&post=168146"}],"version-history":[{"count":0,"href":"https:\/\/archive.sana.sy\/es\/index.php?rest_route=\/wp\/v2\/posts\/168146\/revisions"}],"wp:featuredmedia":[{"embeddable":true,"href":"https:\/\/archive.sana.sy\/es\/index.php?rest_route=\/wp\/v2\/media\/168148"}],"wp:attachment":[{"href":"https:\/\/archive.sana.sy\/es\/index.php?rest_route=%2Fwp%2Fv2%2Fmedia&parent=168146"}],"wp:term":[{"taxonomy":"category","embeddable":true,"href":"https:\/\/archive.sana.sy\/es\/index.php?rest_route=%2Fwp%2Fv2%2Fcategories&post=168146"},{"taxonomy":"post_tag","embeddable":true,"href":"https:\/\/archive.sana.sy\/es\/index.php?rest_route=%2Fwp%2Fv2%2Ftags&post=168146"}],"curies":[{"name":"wp","href":"https:\/\/api.w.org\/{rel}","templated":true}]}}