{"id":168149,"date":"2021-02-01T18:12:49","date_gmt":"2021-02-01T16:12:49","guid":{"rendered":"http:\/\/107.6.182.27\/es\/?p=168149"},"modified":"2021-02-02T07:14:00","modified_gmt":"2021-02-02T05:14:00","slug":"agricultores-sirios-siembra-casi-un-millon-y-medio-de-hectareas-de-trigo","status":"publish","type":"post","link":"https:\/\/archive.sana.sy\/es\/?p=168149","title":{"rendered":"Agricultores sirios siembran casi un mill\u00f3n y medio de hect\u00e1reas de trigo"},"content":{"rendered":"<p><span style=\"color: #800000;\">Damasco, SANA<\/span><\/p>\n<p style=\"text-align: justify;\">El Ministerio de Agricultura y Reforma Agraria anunci\u00f3 la culminaci\u00f3n de la temporada de siembre de trigo para la actual temporada 2020\/2021.<\/p>\n<p style=\"text-align: justify;\">El Director de Producci\u00f3n Vegetal en el Ministerio, Ahmed Haidar, dijo que las \u00e1reas sembradas con el cultivo ascendieron a un mill\u00f3n 437 mil hect\u00e1reas, con una tasa de ejecuci\u00f3n del 93 por ciento del plan aprobado que ascend\u00eda a alrededor de un mill\u00f3n 550 millones de hect\u00e1reas.<\/p>\n<p style=\"text-align: justify;\">Precis\u00f3 que la siembra de trigo inici\u00f3 el 15 de noviembre del a\u00f1o pasado y continu\u00f3 hasta el 31 de enero del 2021.<br \/>\nSeg\u00fan Haidar, la situaci\u00f3n del cultivo est\u00e1 bien gracias a las recientes lluvias.<\/p>\n<p><span style=\"color: #0000ff;\">fm\/rr<\/span><\/p>\n","protected":false},"excerpt":{"rendered":"<p>Damasco, SANA El Ministerio de Agricultura y Reforma Agraria anunci\u00f3 la culminaci\u00f3n de la temporada de siembre de trigo para la actual temporada 2020\/2021. El Director de Producci\u00f3n Vegetal en el Ministerio, Ahmed Haidar, dijo que las \u00e1reas sembradas con el cultivo ascendieron a un mill\u00f3n 437 mil hect\u00e1reas, con una tasa de ejecuci\u00f3n del &hellip;<\/p>\n","protected":false},"author":31,"featured_media":158203,"comment_status":"closed","ping_status":"closed","sticky":false,"template":"","format":"standard","meta":{"footnotes":""},"categories":[597,476,7541],"tags":[],"class_list":["post-168149","post","type-post","status-publish","format-standard","has-post-thumbnail","","category-cinta-de-noticias","category-locales","category-ultimas-noticias"],"_links":{"self":[{"href":"https:\/\/archive.sana.sy\/es\/index.php?rest_route=\/wp\/v2\/posts\/168149"}],"collection":[{"href":"https:\/\/archive.sana.sy\/es\/index.php?rest_route=\/wp\/v2\/posts"}],"about":[{"href":"https:\/\/archive.sana.sy\/es\/index.php?rest_route=\/wp\/v2\/types\/post"}],"author":[{"embeddable":true,"href":"https:\/\/archive.sana.sy\/es\/index.php?rest_route=\/wp\/v2\/users\/31"}],"replies":[{"embeddable":true,"href":"https:\/\/archive.sana.sy\/es\/index.php?rest_route=%2Fwp%2Fv2%2Fcomments&post=168149"}],"version-history":[{"count":0,"href":"https:\/\/archive.sana.sy\/es\/index.php?rest_route=\/wp\/v2\/posts\/168149\/revisions"}],"wp:featuredmedia":[{"embeddable":true,"href":"https:\/\/archive.sana.sy\/es\/index.php?rest_route=\/wp\/v2\/media\/158203"}],"wp:attachment":[{"href":"https:\/\/archive.sana.sy\/es\/index.php?rest_route=%2Fwp%2Fv2%2Fmedia&parent=168149"}],"wp:term":[{"taxonomy":"category","embeddable":true,"href":"https:\/\/archive.sana.sy\/es\/index.php?rest_route=%2Fwp%2Fv2%2Fcategories&post=168149"},{"taxonomy":"post_tag","embeddable":true,"href":"https:\/\/archive.sana.sy\/es\/index.php?rest_route=%2Fwp%2Fv2%2Ftags&post=168149"}],"curies":[{"name":"wp","href":"https:\/\/api.w.org\/{rel}","templated":true}]}}