{"id":168151,"date":"2021-02-01T19:10:05","date_gmt":"2021-02-01T17:10:05","guid":{"rendered":"http:\/\/107.6.182.27\/es\/?p=168151"},"modified":"2023-01-12T14:42:06","modified_gmt":"2023-01-12T12:42:06","slug":"capturan-a-grupo-terrorista-en-irak","status":"publish","type":"post","link":"https:\/\/archive.sana.sy\/es\/?p=168151","title":{"rendered":"Capturan a grupo terrorista en Irak"},"content":{"rendered":"<p><span style=\"color: #800000;\">Bagdad, SANA<\/span><\/p>\n<p style=\"text-align: justify;\">Las fuerzas iraqu\u00edes anunciaron hoy la captura de los integrantes de un grupo terrorista que planeaban perpetrar ataques contra las fuerzas de seguridad en varias \u00e1reas del pa\u00eds.<\/p>\n<p style=\"text-align: justify;\">Seg\u00fan inform\u00f3 un comunicado de la inteligencia iraqu\u00ed citado por el portal informativo &#8220;Alsumaria News&#8221;, una unidad del ej\u00e9rcito logr\u00f3 arrestar a un grupo terrorista cuyos integrantes confesaron haber brindado apoyo log\u00edstico a terroristas y promover noticias sobre acciones terroristas a trav\u00e9s de las redes sociales, adem\u00e1s de planear ataques contra civiles y las fuerzas de seguridad al norte de Bagdad, y en Kirkuk y otras regiones.<\/p>\n<p style=\"text-align: justify;\">Asimismo, las fuerzas de seguridad iraqu\u00edes arrestaron a un terrorista del Daesh en Mosul, en el norte del pa\u00eds.<\/p>\n<p><span style=\"color: #0000ff;\">fm\/rr<\/span><\/p>\n","protected":false},"excerpt":{"rendered":"<p>Bagdad, SANA Las fuerzas iraqu\u00edes anunciaron hoy la captura de los integrantes de un grupo terrorista que planeaban perpetrar ataques contra las fuerzas de seguridad en varias \u00e1reas del pa\u00eds. Seg\u00fan inform\u00f3 un comunicado de la inteligencia iraqu\u00ed citado por el portal informativo &#8220;Alsumaria News&#8221;, una unidad del ej\u00e9rcito logr\u00f3 arrestar a un grupo terrorista &hellip;<\/p>\n","protected":false},"author":31,"featured_media":168152,"comment_status":"closed","ping_status":"closed","sticky":false,"template":"","format":"standard","meta":{"footnotes":""},"categories":[456],"tags":[],"class_list":["post-168151","post","type-post","status-publish","format-standard","has-post-thumbnail","","category-arabe-internacional-politica"],"_links":{"self":[{"href":"https:\/\/archive.sana.sy\/es\/index.php?rest_route=\/wp\/v2\/posts\/168151"}],"collection":[{"href":"https:\/\/archive.sana.sy\/es\/index.php?rest_route=\/wp\/v2\/posts"}],"about":[{"href":"https:\/\/archive.sana.sy\/es\/index.php?rest_route=\/wp\/v2\/types\/post"}],"author":[{"embeddable":true,"href":"https:\/\/archive.sana.sy\/es\/index.php?rest_route=\/wp\/v2\/users\/31"}],"replies":[{"embeddable":true,"href":"https:\/\/archive.sana.sy\/es\/index.php?rest_route=%2Fwp%2Fv2%2Fcomments&post=168151"}],"version-history":[{"count":0,"href":"https:\/\/archive.sana.sy\/es\/index.php?rest_route=\/wp\/v2\/posts\/168151\/revisions"}],"wp:featuredmedia":[{"embeddable":true,"href":"https:\/\/archive.sana.sy\/es\/index.php?rest_route=\/wp\/v2\/media\/168152"}],"wp:attachment":[{"href":"https:\/\/archive.sana.sy\/es\/index.php?rest_route=%2Fwp%2Fv2%2Fmedia&parent=168151"}],"wp:term":[{"taxonomy":"category","embeddable":true,"href":"https:\/\/archive.sana.sy\/es\/index.php?rest_route=%2Fwp%2Fv2%2Fcategories&post=168151"},{"taxonomy":"post_tag","embeddable":true,"href":"https:\/\/archive.sana.sy\/es\/index.php?rest_route=%2Fwp%2Fv2%2Ftags&post=168151"}],"curies":[{"name":"wp","href":"https:\/\/api.w.org\/{rel}","templated":true}]}}