{"id":168208,"date":"2021-02-02T12:58:54","date_gmt":"2021-02-02T10:58:54","guid":{"rendered":"http:\/\/107.6.182.27\/es\/?p=168208"},"modified":"2023-01-12T14:42:06","modified_gmt":"2023-01-12T12:42:06","slug":"discriminacion-racial-en-la-vacunacion-contra-el-covid-19-en-estados-unidos","status":"publish","type":"post","link":"https:\/\/archive.sana.sy\/es\/?p=168208","title":{"rendered":"Discriminaci\u00f3n racial en la vacunaci\u00f3n contra el Covid-19 en Estados Unidos"},"content":{"rendered":"<p style=\"text-align: justify;\"><span style=\"color: #800000;\"><strong>Washington, SANA<\/strong><\/span><\/p>\n<p style=\"text-align: justify;\">Un estudio realizado por la Agencia Federal de Salud P\u00fablica de Estados Unidos (CDC, por sus siglas en ingl\u00e9s) revel\u00f3 que el porcentaje de afroamericanos que recibieron la vacuna contra el Covid-19 es muy inferior al porcentaje de los blancos.<\/p>\n<p style=\"text-align: justify;\">Seg\u00fan el estudio, entre el 14 de diciembre de 2020 y el 14 de enero del 2021, alrededor del 60 por ciento de los estadounidenses blancos recibieron la primera dosis de las dos vacunas autorizadas en Estados Unidos, mientras que solo el 5.4 por ciento de origen africano fueron vacunados.<\/p>\n<p style=\"text-align: justify;\">A su vez, la doctora Marcela Nunez Smith, seleccionada por el presidente Joe Biden para dirigir el grupo de trabajo de la administraci\u00f3n sobre equidad en salud, dijo que los afroamericanos infectados tienen un 2.9 por ciento de m\u00e1s de probabilidades de necesitar hospitalizaci\u00f3n para recibir tratamiento y un 2.1 por ciento m\u00e1s de probabilidades para morir.<\/p>\n<p style=\"text-align: justify;\">Varias organizaciones internacionales de derechos humanos afirman que Estados Unidos practica una discriminaci\u00f3n racial contra las minor\u00edas \u00e9tnicas en contravenci\u00f3n del Derecho Internacional.<\/p>\n<p style=\"text-align: justify;\"><span style=\"color: #0000ff;\"><strong>ws\/fm<\/strong><\/span><\/p>\n","protected":false},"excerpt":{"rendered":"<p>Washington, SANA Un estudio realizado por la Agencia Federal de Salud P\u00fablica de Estados Unidos (CDC, por sus siglas en ingl\u00e9s) revel\u00f3 que el porcentaje de afroamericanos que recibieron la vacuna contra el Covid-19 es muy inferior al porcentaje de los blancos. Seg\u00fan el estudio, entre el 14 de diciembre de 2020 y el 14 &hellip;<\/p>\n","protected":false},"author":35,"featured_media":168209,"comment_status":"closed","ping_status":"closed","sticky":false,"template":"","format":"standard","meta":{"footnotes":""},"categories":[597,456,7541],"tags":[],"class_list":["post-168208","post","type-post","status-publish","format-standard","has-post-thumbnail","","category-cinta-de-noticias","category-arabe-internacional-politica","category-ultimas-noticias"],"_links":{"self":[{"href":"https:\/\/archive.sana.sy\/es\/index.php?rest_route=\/wp\/v2\/posts\/168208"}],"collection":[{"href":"https:\/\/archive.sana.sy\/es\/index.php?rest_route=\/wp\/v2\/posts"}],"about":[{"href":"https:\/\/archive.sana.sy\/es\/index.php?rest_route=\/wp\/v2\/types\/post"}],"author":[{"embeddable":true,"href":"https:\/\/archive.sana.sy\/es\/index.php?rest_route=\/wp\/v2\/users\/35"}],"replies":[{"embeddable":true,"href":"https:\/\/archive.sana.sy\/es\/index.php?rest_route=%2Fwp%2Fv2%2Fcomments&post=168208"}],"version-history":[{"count":0,"href":"https:\/\/archive.sana.sy\/es\/index.php?rest_route=\/wp\/v2\/posts\/168208\/revisions"}],"wp:featuredmedia":[{"embeddable":true,"href":"https:\/\/archive.sana.sy\/es\/index.php?rest_route=\/wp\/v2\/media\/168209"}],"wp:attachment":[{"href":"https:\/\/archive.sana.sy\/es\/index.php?rest_route=%2Fwp%2Fv2%2Fmedia&parent=168208"}],"wp:term":[{"taxonomy":"category","embeddable":true,"href":"https:\/\/archive.sana.sy\/es\/index.php?rest_route=%2Fwp%2Fv2%2Fcategories&post=168208"},{"taxonomy":"post_tag","embeddable":true,"href":"https:\/\/archive.sana.sy\/es\/index.php?rest_route=%2Fwp%2Fv2%2Ftags&post=168208"}],"curies":[{"name":"wp","href":"https:\/\/api.w.org\/{rel}","templated":true}]}}