{"id":168213,"date":"2021-02-02T15:32:24","date_gmt":"2021-02-02T13:32:24","guid":{"rendered":"http:\/\/107.6.182.27\/es\/?p=168213"},"modified":"2023-01-10T14:30:15","modified_gmt":"2023-01-10T12:30:15","slug":"medidas-coercitivas-occidentales-impuestas-a-siria-violan-la-ley-internacional-afirma-parlamentario-checo","status":"publish","type":"post","link":"https:\/\/archive.sana.sy\/es\/?p=168213","title":{"rendered":"Medidas coercitivas occidentales impuestas a Siria violan la ley internacional, afirma parlamentario checo"},"content":{"rendered":"<p style=\"text-align: justify;\"><span style=\"color: #800000;\"><strong>Praga, SANA<\/strong><\/span><\/p>\n<p style=\"text-align: justify;\">El miembro de la C\u00e1mara de Representantes de la Rep\u00fablica Checa, Zdenek Ondrachik, conden\u00f3 las medidas coercitivas unilaterales occidentales impuestas a Siria, y dijo que las mismas no son reconocidas porque violan la ley internacional.<\/p>\n<p style=\"text-align: justify;\">En una declaraci\u00f3n al corresponsal de SANA en Praga, Ondrachik elogi\u00f3 la firmeza del pueblo sirio a pesar de toda la situaci\u00f3n que enfrenta a consecuencia de esas medidas, y tambi\u00e9n por su valiente enfrentamiento a las agresiones perpetrados contra el pueblo sirio por los terroristas soportados por pa\u00edses occidentales.<\/p>\n<p style=\"text-align: justify;\">Varios diputados de la C\u00e1mara de Representantes checa condenaron las medidas coercitivas unilaterales occidentales impuestas a Siria y las tacharon de &#8220;inhumanas&#8221;.<\/p>\n<p style=\"text-align: justify;\"><em><strong><span style=\"color: #0000ff;\">fm<\/span><\/strong><\/em><\/p>\n","protected":false},"excerpt":{"rendered":"<p>Praga, SANA El miembro de la C\u00e1mara de Representantes de la Rep\u00fablica Checa, Zdenek Ondrachik, conden\u00f3 las medidas coercitivas unilaterales occidentales impuestas a Siria, y dijo que las mismas no son reconocidas porque violan la ley internacional. En una declaraci\u00f3n al corresponsal de SANA en Praga, Ondrachik elogi\u00f3 la firmeza del pueblo sirio a pesar &hellip;<\/p>\n","protected":false},"author":34,"featured_media":168214,"comment_status":"closed","ping_status":"closed","sticky":false,"template":"","format":"standard","meta":{"footnotes":""},"categories":[447,597,467,7541],"tags":[],"class_list":["post-168213","post","type-post","status-publish","format-standard","has-post-thumbnail","","category-local-politica","category-cinta-de-noticias","category-siria-y-el-mundo","category-ultimas-noticias"],"_links":{"self":[{"href":"https:\/\/archive.sana.sy\/es\/index.php?rest_route=\/wp\/v2\/posts\/168213"}],"collection":[{"href":"https:\/\/archive.sana.sy\/es\/index.php?rest_route=\/wp\/v2\/posts"}],"about":[{"href":"https:\/\/archive.sana.sy\/es\/index.php?rest_route=\/wp\/v2\/types\/post"}],"author":[{"embeddable":true,"href":"https:\/\/archive.sana.sy\/es\/index.php?rest_route=\/wp\/v2\/users\/34"}],"replies":[{"embeddable":true,"href":"https:\/\/archive.sana.sy\/es\/index.php?rest_route=%2Fwp%2Fv2%2Fcomments&post=168213"}],"version-history":[{"count":0,"href":"https:\/\/archive.sana.sy\/es\/index.php?rest_route=\/wp\/v2\/posts\/168213\/revisions"}],"wp:featuredmedia":[{"embeddable":true,"href":"https:\/\/archive.sana.sy\/es\/index.php?rest_route=\/wp\/v2\/media\/168214"}],"wp:attachment":[{"href":"https:\/\/archive.sana.sy\/es\/index.php?rest_route=%2Fwp%2Fv2%2Fmedia&parent=168213"}],"wp:term":[{"taxonomy":"category","embeddable":true,"href":"https:\/\/archive.sana.sy\/es\/index.php?rest_route=%2Fwp%2Fv2%2Fcategories&post=168213"},{"taxonomy":"post_tag","embeddable":true,"href":"https:\/\/archive.sana.sy\/es\/index.php?rest_route=%2Fwp%2Fv2%2Ftags&post=168213"}],"curies":[{"name":"wp","href":"https:\/\/api.w.org\/{rel}","templated":true}]}}