{"id":168223,"date":"2021-02-02T16:40:42","date_gmt":"2021-02-02T14:40:42","guid":{"rendered":"http:\/\/107.6.182.27\/es\/?p=168223"},"modified":"2021-02-03T07:13:44","modified_gmt":"2021-02-03T05:13:44","slug":"milicia-fds-comienza-a-poner-fin-al-asedio-que-impuso-a-los-habitantes-de-hasakeh-y-qamishli","status":"publish","type":"post","link":"https:\/\/archive.sana.sy\/es\/?p=168223","title":{"rendered":"Tras 20 d\u00edas de asedio, la milicia FDS desbloquea las calles en ciudades de Hasakeh y Qamishli"},"content":{"rendered":"<p style=\"text-align: justify;\"><span style=\"color: #800000;\"><strong>Hasakeh, SANA<\/strong><\/span><\/p>\n<p style=\"text-align: justify;\">La milicia proestadounidense \u201cFuerzas Democr\u00e1ticas Sirias\u201d (FDS) comenz\u00f3 los procedimientos para poner fin al asedio impuesto a los habitantes en el centro de la ciudad de Hasakeh y los barrios de Halko y Tai en la ciudad de Qamishli, ambas en el nordeste de Siria.<\/p>\n<p style=\"text-align: justify;\">En este contexto, el gobernador de Hasakeh, Ghassan Khalil, confirm\u00f3 esas medidas y esper\u00f3 que se levante por completo el cerco a la ciudad de Hasakeh y las dem\u00e1s \u00e1reas de Qamishli.<\/p>\n<p style=\"text-align: justify;\">El corresponsal de SANA inform\u00f3 sobre la apertura de una serie de calles en Hasakeh ante los ciudadanos y veh\u00edculos luego de la remoci\u00f3n de los bloques de concreto y las barricadas de hierro que la milicia hab\u00eda levantado durante su asedio al centro de la ciudad.<\/p>\n<p style=\"text-align: justify;\">Los barrios de Halko y Tati en la ciudad de Qamishli presenciaron un movimiento activa despu\u00e9s de la finalizaci\u00f3n del bloqueo aplicado por los militantes de FDS.<\/p>\n<p style=\"text-align: justify;\">Durante 20 d\u00edas seguidos, la milicia \u201cFDS\u201d impuso un asedio asfixiante a los habitantes en el centro de la ciudad de Hasakeh y los barrios de Halko y Tati en Qamishli, donde impidi\u00f3 el acceso de veh\u00edculos, medios de transporte, alimentos, combustible, y camiones cisternas de agua potable a la poblaci\u00f3n.<\/p>\n<p style=\"text-align: justify;\"><span style=\"color: #0000ff;\"><em><strong>fm<\/strong><\/em><\/span><\/p>\n<p style=\"text-align: justify;\"><span style=\"color: #0000ff;\">Ciudad de Hasakeh<\/span><\/p>\n<div id='gallery-1' class='gallery galleryid-168223 gallery-columns-1 gallery-size-large'><figure class='gallery-item'>\n\t\t\t<div class='gallery-icon landscape'>\n\t\t\t\t<a href='https:\/\/archive.sana.sy\/es\/wp-content\/uploads\/2021\/02\/02-2-scaled.jpg'><img loading=\"lazy\" decoding=\"async\" width=\"618\" height=\"355\" src=\"https:\/\/archive.sana.sy\/es\/wp-content\/uploads\/2021\/02\/02-2-1024x589.jpg\" class=\"attachment-large size-large\" alt=\"\" srcset=\"https:\/\/archive.sana.sy\/es\/wp-content\/uploads\/2021\/02\/02-2-1024x589.jpg 1024w, https:\/\/archive.sana.sy\/es\/wp-content\/uploads\/2021\/02\/02-2-300x173.jpg 300w, https:\/\/archive.sana.sy\/es\/wp-content\/uploads\/2021\/02\/02-2-150x86.jpg 150w, https:\/\/archive.sana.sy\/es\/wp-content\/uploads\/2021\/02\/02-2-768x442.jpg 768w, https:\/\/archive.sana.sy\/es\/wp-content\/uploads\/2021\/02\/02-2-1536x884.jpg 1536w, https:\/\/archive.sana.sy\/es\/wp-content\/uploads\/2021\/02\/02-2-2048x1179.jpg 2048w\" sizes=\"(max-width: 618px) 100vw, 618px\" \/><\/a>\n\t\t\t<\/div><\/figure><figure class='gallery-item'>\n\t\t\t<div class='gallery-icon landscape'>\n\t\t\t\t<a href='https:\/\/archive.sana.sy\/es\/wp-content\/uploads\/2021\/02\/01-scaled.jpg'><img loading=\"lazy\" decoding=\"async\" width=\"618\" height=\"410\" src=\"https:\/\/archive.sana.sy\/es\/wp-content\/uploads\/2021\/02\/01-1024x680.jpg\" class=\"attachment-large size-large\" alt=\"\" srcset=\"https:\/\/archive.sana.sy\/es\/wp-content\/uploads\/2021\/02\/01-1024x680.jpg 1024w, https:\/\/archive.sana.sy\/es\/wp-content\/uploads\/2021\/02\/01-300x199.jpg 300w, https:\/\/archive.sana.sy\/es\/wp-content\/uploads\/2021\/02\/01-150x100.jpg 150w, https:\/\/archive.sana.sy\/es\/wp-content\/uploads\/2021\/02\/01-768x510.jpg 768w, https:\/\/archive.sana.sy\/es\/wp-content\/uploads\/2021\/02\/01-1536x1020.jpg 1536w, https:\/\/archive.sana.sy\/es\/wp-content\/uploads\/2021\/02\/01-2048x1360.jpg 2048w, https:\/\/archive.sana.sy\/es\/wp-content\/uploads\/2021\/02\/01-310x205.jpg 310w\" sizes=\"(max-width: 618px) 100vw, 618px\" \/><\/a>\n\t\t\t<\/div><\/figure>\n\t\t<\/div>\n\n<p style=\"text-align: justify;\"><span style=\"color: #0000ff;\">Ciudad de Qamishli<\/span><\/p>\n<div id='gallery-2' class='gallery galleryid-168223 gallery-columns-1 gallery-size-large'><figure class='gallery-item'>\n\t\t\t<div class='gallery-icon landscape'>\n\t\t\t\t<a href='https:\/\/archive.sana.sy\/es\/wp-content\/uploads\/2021\/02\/photo_2021-02-02_15-09-50-scaled.jpg'><img loading=\"lazy\" decoding=\"async\" width=\"618\" height=\"366\" src=\"https:\/\/archive.sana.sy\/es\/wp-content\/uploads\/2021\/02\/photo_2021-02-02_15-09-50-1024x607.jpg\" class=\"attachment-large size-large\" alt=\"\" srcset=\"https:\/\/archive.sana.sy\/es\/wp-content\/uploads\/2021\/02\/photo_2021-02-02_15-09-50-1024x607.jpg 1024w, https:\/\/archive.sana.sy\/es\/wp-content\/uploads\/2021\/02\/photo_2021-02-02_15-09-50-300x178.jpg 300w, https:\/\/archive.sana.sy\/es\/wp-content\/uploads\/2021\/02\/photo_2021-02-02_15-09-50-150x89.jpg 150w, https:\/\/archive.sana.sy\/es\/wp-content\/uploads\/2021\/02\/photo_2021-02-02_15-09-50-768x455.jpg 768w, https:\/\/archive.sana.sy\/es\/wp-content\/uploads\/2021\/02\/photo_2021-02-02_15-09-50-1536x910.jpg 1536w, https:\/\/archive.sana.sy\/es\/wp-content\/uploads\/2021\/02\/photo_2021-02-02_15-09-50-2048x1213.jpg 2048w\" sizes=\"(max-width: 618px) 100vw, 618px\" \/><\/a>\n\t\t\t<\/div><\/figure><figure class='gallery-item'>\n\t\t\t<div class='gallery-icon landscape'>\n\t\t\t\t<a href='https:\/\/archive.sana.sy\/es\/wp-content\/uploads\/2021\/02\/photo_2021-02-02_15-09-52-scaled.jpg'><img loading=\"lazy\" decoding=\"async\" width=\"618\" height=\"369\" src=\"https:\/\/archive.sana.sy\/es\/wp-content\/uploads\/2021\/02\/photo_2021-02-02_15-09-52-1024x611.jpg\" class=\"attachment-large size-large\" alt=\"\" srcset=\"https:\/\/archive.sana.sy\/es\/wp-content\/uploads\/2021\/02\/photo_2021-02-02_15-09-52-1024x611.jpg 1024w, https:\/\/archive.sana.sy\/es\/wp-content\/uploads\/2021\/02\/photo_2021-02-02_15-09-52-300x179.jpg 300w, https:\/\/archive.sana.sy\/es\/wp-content\/uploads\/2021\/02\/photo_2021-02-02_15-09-52-150x90.jpg 150w, https:\/\/archive.sana.sy\/es\/wp-content\/uploads\/2021\/02\/photo_2021-02-02_15-09-52-768x458.jpg 768w, https:\/\/archive.sana.sy\/es\/wp-content\/uploads\/2021\/02\/photo_2021-02-02_15-09-52-1536x916.jpg 1536w, https:\/\/archive.sana.sy\/es\/wp-content\/uploads\/2021\/02\/photo_2021-02-02_15-09-52-2048x1222.jpg 2048w\" sizes=\"(max-width: 618px) 100vw, 618px\" \/><\/a>\n\t\t\t<\/div><\/figure>\n\t\t<\/div>\n\n<p style=\"text-align: justify;\"><em><span style=\"color: #0000ff;\">la<\/span><\/em><\/p>\n<p style=\"text-align: justify;\">\n","protected":false},"excerpt":{"rendered":"<p>Hasakeh, SANA La milicia proestadounidense \u201cFuerzas Democr\u00e1ticas Sirias\u201d (FDS) comenz\u00f3 los procedimientos para poner fin al asedio impuesto a los habitantes en el centro de la ciudad de Hasakeh y los barrios de Halko y Tai en la ciudad de Qamishli, ambas en el nordeste de Siria. En este contexto, el gobernador de Hasakeh, Ghassan &hellip;<\/p>\n","protected":false},"author":24,"featured_media":168224,"comment_status":"closed","ping_status":"closed","sticky":false,"template":"","format":"standard","meta":{"footnotes":""},"categories":[597,476,7541],"tags":[],"class_list":["post-168223","post","type-post","status-publish","format-standard","has-post-thumbnail","","category-cinta-de-noticias","category-locales","category-ultimas-noticias"],"_links":{"self":[{"href":"https:\/\/archive.sana.sy\/es\/index.php?rest_route=\/wp\/v2\/posts\/168223"}],"collection":[{"href":"https:\/\/archive.sana.sy\/es\/index.php?rest_route=\/wp\/v2\/posts"}],"about":[{"href":"https:\/\/archive.sana.sy\/es\/index.php?rest_route=\/wp\/v2\/types\/post"}],"author":[{"embeddable":true,"href":"https:\/\/archive.sana.sy\/es\/index.php?rest_route=\/wp\/v2\/users\/24"}],"replies":[{"embeddable":true,"href":"https:\/\/archive.sana.sy\/es\/index.php?rest_route=%2Fwp%2Fv2%2Fcomments&post=168223"}],"version-history":[{"count":0,"href":"https:\/\/archive.sana.sy\/es\/index.php?rest_route=\/wp\/v2\/posts\/168223\/revisions"}],"wp:featuredmedia":[{"embeddable":true,"href":"https:\/\/archive.sana.sy\/es\/index.php?rest_route=\/wp\/v2\/media\/168224"}],"wp:attachment":[{"href":"https:\/\/archive.sana.sy\/es\/index.php?rest_route=%2Fwp%2Fv2%2Fmedia&parent=168223"}],"wp:term":[{"taxonomy":"category","embeddable":true,"href":"https:\/\/archive.sana.sy\/es\/index.php?rest_route=%2Fwp%2Fv2%2Fcategories&post=168223"},{"taxonomy":"post_tag","embeddable":true,"href":"https:\/\/archive.sana.sy\/es\/index.php?rest_route=%2Fwp%2Fv2%2Ftags&post=168223"}],"curies":[{"name":"wp","href":"https:\/\/api.w.org\/{rel}","templated":true}]}}