{"id":168235,"date":"2021-02-02T17:07:12","date_gmt":"2021-02-02T15:07:12","guid":{"rendered":"http:\/\/107.6.182.27\/es\/?p=168235"},"modified":"2023-01-12T14:42:05","modified_gmt":"2023-01-12T12:42:05","slug":"otsc-advierte-de-la-presencia-de-mercenarios-sirios-proturcos-en-nagorno-karabaj","status":"publish","type":"post","link":"https:\/\/archive.sana.sy\/es\/?p=168235","title":{"rendered":"OTSC advierte de la presencia de mercenarios sirios proturcos en Nagorno Karabaj"},"content":{"rendered":"<p style=\"text-align: justify\"><span style=\"color: #800000\">Mosc\u00fa, SANA<\/span><\/p>\n<p style=\"text-align: justify\">El secretario general de la Organizaci\u00f3n del Tratado de Seguridad Colectiva (OTSC), Stanislav Zas, advirti\u00f3 del peligro de la presencia de mercenarios proturcos en Nagorno-Karabaj.<\/p>\n<p style=\"text-align: justify\">&#8220;Tuvimos informaci\u00f3n sobre la presencia de armados de Siria en la zona de conflicto de Nagorno Karabaj y consideramos esto como un riesgo para nuestros pa\u00edses y nuestro bloque&#8221;, subray\u00f3 Zas durante una rueda de prensa celebrada hoy el martes en Mosc\u00fa.<\/p>\n<p style=\"text-align: justify\">&#8220;\u00bfD\u00f3nde est\u00e1n estos militantes ahora?&#8230; \u00bfEst\u00e1n all\u00ed o se fueron de la regi\u00f3n? Es dif\u00edcil para m\u00ed contestar a esta pregunta &#8220;, puntualiz\u00f3.<\/p>\n<p style=\"text-align: justify\">Destac\u00f3 que \u201ctodos los mercenarios, ya sean sirios o de otra nacionalidad, deben abandonar esta tierra\u201d, y explic\u00f3 que la presencia de grupos armados cerca de las fronteras de los estados miembros del OTSC representa un peligro para su seguridad colectiva&#8221;.<\/p>\n<p style=\"text-align: justify\">En varias ocasiones, el Ministerio de Defensa de Armenia confirm\u00f3 la involucraci\u00f3n del r\u00e9gimen turco en el env\u00edo de miles de sus terroristas que operaban en Siria a Nagorno Karabaj con el objetivo de avivar el conflicto armenio-azer\u00ed.<\/p>\n<p style=\"text-align: justify\"><span style=\"color: #0000ff\"><em><strong>la<\/strong><\/em><\/span><\/p>\n","protected":false},"excerpt":{"rendered":"<p>Mosc\u00fa, SANA El secretario general de la Organizaci\u00f3n del Tratado de Seguridad Colectiva (OTSC), Stanislav Zas, advirti\u00f3 del peligro de la presencia de mercenarios proturcos en Nagorno-Karabaj. &#8220;Tuvimos informaci\u00f3n sobre la presencia de armados de Siria en la zona de conflicto de Nagorno Karabaj y consideramos esto como un riesgo para nuestros pa\u00edses y nuestro &hellip;<\/p>\n","protected":false},"author":24,"featured_media":168236,"comment_status":"closed","ping_status":"closed","sticky":false,"template":"","format":"standard","meta":{"footnotes":""},"categories":[597,456],"tags":[],"class_list":["post-168235","post","type-post","status-publish","format-standard","has-post-thumbnail","","category-cinta-de-noticias","category-arabe-internacional-politica"],"_links":{"self":[{"href":"https:\/\/archive.sana.sy\/es\/index.php?rest_route=\/wp\/v2\/posts\/168235"}],"collection":[{"href":"https:\/\/archive.sana.sy\/es\/index.php?rest_route=\/wp\/v2\/posts"}],"about":[{"href":"https:\/\/archive.sana.sy\/es\/index.php?rest_route=\/wp\/v2\/types\/post"}],"author":[{"embeddable":true,"href":"https:\/\/archive.sana.sy\/es\/index.php?rest_route=\/wp\/v2\/users\/24"}],"replies":[{"embeddable":true,"href":"https:\/\/archive.sana.sy\/es\/index.php?rest_route=%2Fwp%2Fv2%2Fcomments&post=168235"}],"version-history":[{"count":0,"href":"https:\/\/archive.sana.sy\/es\/index.php?rest_route=\/wp\/v2\/posts\/168235\/revisions"}],"wp:featuredmedia":[{"embeddable":true,"href":"https:\/\/archive.sana.sy\/es\/index.php?rest_route=\/wp\/v2\/media\/168236"}],"wp:attachment":[{"href":"https:\/\/archive.sana.sy\/es\/index.php?rest_route=%2Fwp%2Fv2%2Fmedia&parent=168235"}],"wp:term":[{"taxonomy":"category","embeddable":true,"href":"https:\/\/archive.sana.sy\/es\/index.php?rest_route=%2Fwp%2Fv2%2Fcategories&post=168235"},{"taxonomy":"post_tag","embeddable":true,"href":"https:\/\/archive.sana.sy\/es\/index.php?rest_route=%2Fwp%2Fv2%2Ftags&post=168235"}],"curies":[{"name":"wp","href":"https:\/\/api.w.org\/{rel}","templated":true}]}}