{"id":168256,"date":"2021-02-02T19:45:57","date_gmt":"2021-02-02T17:45:57","guid":{"rendered":"http:\/\/107.6.182.27\/es\/?p=168256"},"modified":"2023-01-10T14:30:14","modified_gmt":"2023-01-10T12:30:14","slug":"fuerzas-del-regimen-turco-bombardean-el-pueblo-de-saida-en-el-noreste-de-raqa","status":"publish","type":"post","link":"https:\/\/archive.sana.sy\/es\/?p=168256","title":{"rendered":"Fuerzas del r\u00e9gimen turco bombardean el pueblo de Saida en el noreste de Raqa"},"content":{"rendered":"<p style=\"text-align: justify\"><span style=\"color: #800000\">Raqa, SANA<\/span><\/p>\n<p style=\"text-align: justify\">Las fuerzas ocupantes turcas y sus mercenarios terroristas atacaron con armas pesadas el pueblo de Saida y parte de la carretera internacional (M4) en el noroeste de Raqa.<\/p>\n<p style=\"text-align: justify\">\u201cLa aldea de Saida, situada a unos 55 km al noroeste de la ciudad de Raqa, fue bombardeada con armas pesadas, adem\u00e1s de una parte de la carretera internacional (M4) que pasa por el distrito de Ain Issa\u201d, informaron activistas locales.<\/p>\n<p style=\"text-align: justify\">Se\u00f1alaron que el ataque caus\u00f3 da\u00f1os materiales en las propiedades y la carretera.<\/p>\n<p style=\"text-align: justify\"><em><strong><span style=\"color: #0000ff\">la<\/span><\/strong><\/em><\/p>\n","protected":false},"excerpt":{"rendered":"<p>Raqa, SANA Las fuerzas ocupantes turcas y sus mercenarios terroristas atacaron con armas pesadas el pueblo de Saida y parte de la carretera internacional (M4) en el noroeste de Raqa. \u201cLa aldea de Saida, situada a unos 55 km al noroeste de la ciudad de Raqa, fue bombardeada con armas pesadas, adem\u00e1s de una parte &hellip;<\/p>\n","protected":false},"author":24,"featured_media":167781,"comment_status":"closed","ping_status":"closed","sticky":false,"template":"","format":"standard","meta":{"footnotes":""},"categories":[447,597,573,7541],"tags":[],"class_list":["post-168256","post","type-post","status-publish","format-standard","has-post-thumbnail","","category-local-politica","category-cinta-de-noticias","category-la-realidad-de-los-acontecimientos-en-siria","category-ultimas-noticias"],"_links":{"self":[{"href":"https:\/\/archive.sana.sy\/es\/index.php?rest_route=\/wp\/v2\/posts\/168256"}],"collection":[{"href":"https:\/\/archive.sana.sy\/es\/index.php?rest_route=\/wp\/v2\/posts"}],"about":[{"href":"https:\/\/archive.sana.sy\/es\/index.php?rest_route=\/wp\/v2\/types\/post"}],"author":[{"embeddable":true,"href":"https:\/\/archive.sana.sy\/es\/index.php?rest_route=\/wp\/v2\/users\/24"}],"replies":[{"embeddable":true,"href":"https:\/\/archive.sana.sy\/es\/index.php?rest_route=%2Fwp%2Fv2%2Fcomments&post=168256"}],"version-history":[{"count":0,"href":"https:\/\/archive.sana.sy\/es\/index.php?rest_route=\/wp\/v2\/posts\/168256\/revisions"}],"wp:featuredmedia":[{"embeddable":true,"href":"https:\/\/archive.sana.sy\/es\/index.php?rest_route=\/wp\/v2\/media\/167781"}],"wp:attachment":[{"href":"https:\/\/archive.sana.sy\/es\/index.php?rest_route=%2Fwp%2Fv2%2Fmedia&parent=168256"}],"wp:term":[{"taxonomy":"category","embeddable":true,"href":"https:\/\/archive.sana.sy\/es\/index.php?rest_route=%2Fwp%2Fv2%2Fcategories&post=168256"},{"taxonomy":"post_tag","embeddable":true,"href":"https:\/\/archive.sana.sy\/es\/index.php?rest_route=%2Fwp%2Fv2%2Ftags&post=168256"}],"curies":[{"name":"wp","href":"https:\/\/api.w.org\/{rel}","templated":true}]}}