{"id":168258,"date":"2021-02-02T19:56:55","date_gmt":"2021-02-02T17:56:55","guid":{"rendered":"http:\/\/107.6.182.27\/es\/?p=168258"},"modified":"2023-01-12T14:42:05","modified_gmt":"2023-01-12T12:42:05","slug":"fuerzas-iraquies-arrestan-a-7-terroristas-de-daesh-en-ninive-y-anbar","status":"publish","type":"post","link":"https:\/\/archive.sana.sy\/es\/?p=168258","title":{"rendered":"Fuerzas iraqu\u00edes arrestan a 7 terroristas de Daesh en N\u00ednive y Anbar"},"content":{"rendered":"<p><span style=\"color: #800000;\">Bagdad, SANA<\/span><\/p>\n<p style=\"text-align: justify;\">Las fuerzas iraqu\u00edes arrestaron este martes a siete elementos del grupo terrorista Daesh en las gobernaciones de N\u00ednive y Anbar.<\/p>\n<p style=\"text-align: justify;\">Seg\u00fan el comunicado del Servicio de Inteligencia iraqu\u00ed, cinco terroristas fueron arrestados de Mosul, gobernaci\u00f3n de N\u00ednive y los otros dos en el distrito de Karma en la gobernaci\u00f3n de Anbar.<\/p>\n<p style=\"text-align: justify;\">Anteriormente, las fuerzas iraqu\u00edes arrestaron a cinco terroristas en Kirkuk, en el norte del pa\u00eds, y tambi\u00e9n desmantelaron una c\u00e9lula terrorista en la gobernaci\u00f3n de Diyala, en el este de Irak.<\/p>\n<p style=\"text-align: justify;\"><em>mm<\/em><\/p>\n","protected":false},"excerpt":{"rendered":"<p>Bagdad, SANA Las fuerzas iraqu\u00edes arrestaron este martes a siete elementos del grupo terrorista Daesh en las gobernaciones de N\u00ednive y Anbar. Seg\u00fan el comunicado del Servicio de Inteligencia iraqu\u00ed, cinco terroristas fueron arrestados de Mosul, gobernaci\u00f3n de N\u00ednive y los otros dos en el distrito de Karma en la gobernaci\u00f3n de Anbar. Anteriormente, las &hellip;<\/p>\n","protected":false},"author":36,"featured_media":168261,"comment_status":"closed","ping_status":"closed","sticky":false,"template":"","format":"standard","meta":{"footnotes":""},"categories":[597,456,457],"tags":[],"class_list":["post-168258","post","type-post","status-publish","format-standard","has-post-thumbnail","","category-cinta-de-noticias","category-arabe-internacional-politica","category-noticias-arabe-internacional-politica"],"_links":{"self":[{"href":"https:\/\/archive.sana.sy\/es\/index.php?rest_route=\/wp\/v2\/posts\/168258"}],"collection":[{"href":"https:\/\/archive.sana.sy\/es\/index.php?rest_route=\/wp\/v2\/posts"}],"about":[{"href":"https:\/\/archive.sana.sy\/es\/index.php?rest_route=\/wp\/v2\/types\/post"}],"author":[{"embeddable":true,"href":"https:\/\/archive.sana.sy\/es\/index.php?rest_route=\/wp\/v2\/users\/36"}],"replies":[{"embeddable":true,"href":"https:\/\/archive.sana.sy\/es\/index.php?rest_route=%2Fwp%2Fv2%2Fcomments&post=168258"}],"version-history":[{"count":0,"href":"https:\/\/archive.sana.sy\/es\/index.php?rest_route=\/wp\/v2\/posts\/168258\/revisions"}],"wp:featuredmedia":[{"embeddable":true,"href":"https:\/\/archive.sana.sy\/es\/index.php?rest_route=\/wp\/v2\/media\/168261"}],"wp:attachment":[{"href":"https:\/\/archive.sana.sy\/es\/index.php?rest_route=%2Fwp%2Fv2%2Fmedia&parent=168258"}],"wp:term":[{"taxonomy":"category","embeddable":true,"href":"https:\/\/archive.sana.sy\/es\/index.php?rest_route=%2Fwp%2Fv2%2Fcategories&post=168258"},{"taxonomy":"post_tag","embeddable":true,"href":"https:\/\/archive.sana.sy\/es\/index.php?rest_route=%2Fwp%2Fv2%2Ftags&post=168258"}],"curies":[{"name":"wp","href":"https:\/\/api.w.org\/{rel}","templated":true}]}}