{"id":168266,"date":"2021-02-02T17:09:37","date_gmt":"2021-02-02T15:09:37","guid":{"rendered":"http:\/\/107.6.182.27\/es\/?p=168266"},"modified":"2021-02-02T20:13:29","modified_gmt":"2021-02-02T18:13:29","slug":"siria-e-iraq-destacan-necesidad-de-impulsar-la-cooperacion-economica-y-antiterrorista","status":"publish","type":"post","link":"https:\/\/archive.sana.sy\/es\/?p=168266","title":{"rendered":"Siria e Iraq destacan necesidad de impulsar la cooperaci\u00f3n econ\u00f3mica y antiterrorista"},"content":{"rendered":"<p style=\"text-align: justify\"><span style=\"color: #800000\">Damasco, SANA<\/span><\/p>\n<p style=\"text-align: justify\">El presidente del Parlamento sirio, Hammouda Sabbagh, recibi\u00f3 este martes al encargado de negocios de Irak en Damasco, Yassin Sharif al-Hajimi, donde ambas partes abordaron las v\u00edas de consolidar las relaciones binacionales en todos los \u00e1mbitos.<\/p>\n<p style=\"text-align: justify\">Durante la reuni\u00f3n, Sabbagh destac\u00f3 la necesidad de continuar la coordinaci\u00f3n entre los dos pa\u00edses en materia de la lucha contra el terrorismo y el intercambio comercial.<\/p>\n<p style=\"text-align: justify\">Por su parte, al-Hajimi se\u00f1al\u00f3 que Irak y Siria se enfrentan a un enemigo com\u00fan, la organizaci\u00f3n terrorista de DAESH, que recibe apoyo de potencias que intentan perjudicar a los dos pa\u00edses y destruir la regi\u00f3n, cuna de las civilizaciones humanas.<\/p>\n<p style=\"text-align: justify\">Hizo hincapi\u00e9 en la importancia de continuar la cooperaci\u00f3n bilateral hasta erradicar al terrorismo de ambas naciones vecinas.<\/p>\n<p style=\"text-align: justify\">Por otro lado, subray\u00f3 la necesidad de impulsar la cooperaci\u00f3n econ\u00f3mica y comercial a trav\u00e9s del comit\u00e9 conjunto sirio-iraqu\u00ed.<\/p>\n<p style=\"text-align: justify\">La reuni\u00f3n cont\u00f3 con la asistencia de varios parlamentarios y miembros de la misi\u00f3n diplom\u00e1tica iraqu\u00ed.<\/p>\n<p style=\"text-align: justify\"><span style=\"color: #0000ff\"><em><strong>la<\/strong><\/em><\/span><\/p>\n<p style=\"text-align: justify\">\n","protected":false},"excerpt":{"rendered":"<p>Damasco, SANA El presidente del Parlamento sirio, Hammouda Sabbagh, recibi\u00f3 este martes al encargado de negocios de Irak en Damasco, Yassin Sharif al-Hajimi, donde ambas partes abordaron las v\u00edas de consolidar las relaciones binacionales en todos los \u00e1mbitos. Durante la reuni\u00f3n, Sabbagh destac\u00f3 la necesidad de continuar la coordinaci\u00f3n entre los dos pa\u00edses en materia &hellip;<\/p>\n","protected":false},"author":24,"featured_media":16985,"comment_status":"closed","ping_status":"closed","sticky":false,"template":"","format":"standard","meta":{"footnotes":""},"categories":[597,476,7541],"tags":[],"class_list":["post-168266","post","type-post","status-publish","format-standard","has-post-thumbnail","","category-cinta-de-noticias","category-locales","category-ultimas-noticias"],"_links":{"self":[{"href":"https:\/\/archive.sana.sy\/es\/index.php?rest_route=\/wp\/v2\/posts\/168266"}],"collection":[{"href":"https:\/\/archive.sana.sy\/es\/index.php?rest_route=\/wp\/v2\/posts"}],"about":[{"href":"https:\/\/archive.sana.sy\/es\/index.php?rest_route=\/wp\/v2\/types\/post"}],"author":[{"embeddable":true,"href":"https:\/\/archive.sana.sy\/es\/index.php?rest_route=\/wp\/v2\/users\/24"}],"replies":[{"embeddable":true,"href":"https:\/\/archive.sana.sy\/es\/index.php?rest_route=%2Fwp%2Fv2%2Fcomments&post=168266"}],"version-history":[{"count":0,"href":"https:\/\/archive.sana.sy\/es\/index.php?rest_route=\/wp\/v2\/posts\/168266\/revisions"}],"wp:featuredmedia":[{"embeddable":true,"href":"https:\/\/archive.sana.sy\/es\/index.php?rest_route=\/wp\/v2\/media\/16985"}],"wp:attachment":[{"href":"https:\/\/archive.sana.sy\/es\/index.php?rest_route=%2Fwp%2Fv2%2Fmedia&parent=168266"}],"wp:term":[{"taxonomy":"category","embeddable":true,"href":"https:\/\/archive.sana.sy\/es\/index.php?rest_route=%2Fwp%2Fv2%2Fcategories&post=168266"},{"taxonomy":"post_tag","embeddable":true,"href":"https:\/\/archive.sana.sy\/es\/index.php?rest_route=%2Fwp%2Fv2%2Ftags&post=168266"}],"curies":[{"name":"wp","href":"https:\/\/api.w.org\/{rel}","templated":true}]}}