{"id":168381,"date":"2021-02-03T21:20:47","date_gmt":"2021-02-03T19:20:47","guid":{"rendered":"http:\/\/107.6.182.27\/es\/?p=168381"},"modified":"2023-01-10T15:14:30","modified_gmt":"2023-01-10T13:14:30","slug":"siria-e-iran-discuten-fortalecer-la-cooperacion-economica","status":"publish","type":"post","link":"https:\/\/archive.sana.sy\/es\/?p=168381","title":{"rendered":"Siria e Ir\u00e1n abogan por fortalecer la cooperaci\u00f3n econ\u00f3mica"},"content":{"rendered":"<p style=\"text-align: justify;\"><strong><span style=\"color: #800000;\">Damasco, SANA<\/span><\/strong><\/p>\n<p style=\"text-align: justify;\">La agenda de trabajo del foro econ\u00f3mico sirio-iran\u00ed celebrado en Damasco se centr\u00f3 en discutir el desarrollo de la cooperaci\u00f3n comercial, econ\u00f3mica y de inversi\u00f3n entre los dos pa\u00edses.<\/p>\n<p style=\"text-align: justify;\">El presidente de la Junta de la Federaci\u00f3n de C\u00e1maras de Comercio de Siria, Muhammad Abu Al-Hoda Al-Lahham, afirm\u00f3 que las oportunidades para la futura cooperaci\u00f3n econ\u00f3mica y comercial entre Siria e Ir\u00e1n requieren m\u00e1s trabajo y visitas mutuas.<\/p>\n<p style=\"text-align: justify;\">Por su parte, el jefe de la C\u00e1mara de Comercio de Alepo, Amer Hamwi, se\u00f1al\u00f3 que existen prometedoras oportunidades de inversi\u00f3n en Siria para las empresas iran\u00edes, especialmente en el \u00e1mbito industrial, adem\u00e1s del campos de energ\u00eda.<\/p>\n<p style=\"text-align: justify;\">El presidente de la C\u00e1mara de Comercio Conjunta Sirio-Iran\u00ed, Kiwan Kashfi, llam\u00f3 a activar el papel del sector privado comercial y productivo en ambos pa\u00edses a fin de consolidar la cooperaci\u00f3n econ\u00f3mica conjunta.<\/p>\n<p style=\"text-align: justify;\">Asimismo, el embajador iran\u00ed en Damasco, Jawad Turkabadi, destac\u00f3 la necesidad de fortalecer la cooperaci\u00f3n econ\u00f3mica iran\u00ed con Siria, subrayando la importancia de este foro para abrir nuevas puertas a la cooperaci\u00f3n para abrir puertas de inversi\u00f3n a los empresarios en los dos pa\u00edses.<\/p>\n<p style=\"text-align: justify;\"><strong><span style=\"color: #0000ff;\"><em>mm\/fm<\/em><\/span><\/strong><\/p>\n","protected":false},"excerpt":{"rendered":"<p>Damasco, SANA La agenda de trabajo del foro econ\u00f3mico sirio-iran\u00ed celebrado en Damasco se centr\u00f3 en discutir el desarrollo de la cooperaci\u00f3n comercial, econ\u00f3mica y de inversi\u00f3n entre los dos pa\u00edses. El presidente de la Junta de la Federaci\u00f3n de C\u00e1maras de Comercio de Siria, Muhammad Abu Al-Hoda Al-Lahham, afirm\u00f3 que las oportunidades para la &hellip;<\/p>\n","protected":false},"author":36,"featured_media":168382,"comment_status":"closed","ping_status":"closed","sticky":false,"template":"","format":"standard","meta":{"footnotes":""},"categories":[597,16686,485],"tags":[],"class_list":["post-168381","post","type-post","status-publish","format-standard","has-post-thumbnail","","category-cinta-de-noticias","category-economia","category-informes-negocios-y-finanzas"],"_links":{"self":[{"href":"https:\/\/archive.sana.sy\/es\/index.php?rest_route=\/wp\/v2\/posts\/168381"}],"collection":[{"href":"https:\/\/archive.sana.sy\/es\/index.php?rest_route=\/wp\/v2\/posts"}],"about":[{"href":"https:\/\/archive.sana.sy\/es\/index.php?rest_route=\/wp\/v2\/types\/post"}],"author":[{"embeddable":true,"href":"https:\/\/archive.sana.sy\/es\/index.php?rest_route=\/wp\/v2\/users\/36"}],"replies":[{"embeddable":true,"href":"https:\/\/archive.sana.sy\/es\/index.php?rest_route=%2Fwp%2Fv2%2Fcomments&post=168381"}],"version-history":[{"count":0,"href":"https:\/\/archive.sana.sy\/es\/index.php?rest_route=\/wp\/v2\/posts\/168381\/revisions"}],"wp:featuredmedia":[{"embeddable":true,"href":"https:\/\/archive.sana.sy\/es\/index.php?rest_route=\/wp\/v2\/media\/168382"}],"wp:attachment":[{"href":"https:\/\/archive.sana.sy\/es\/index.php?rest_route=%2Fwp%2Fv2%2Fmedia&parent=168381"}],"wp:term":[{"taxonomy":"category","embeddable":true,"href":"https:\/\/archive.sana.sy\/es\/index.php?rest_route=%2Fwp%2Fv2%2Fcategories&post=168381"},{"taxonomy":"post_tag","embeddable":true,"href":"https:\/\/archive.sana.sy\/es\/index.php?rest_route=%2Fwp%2Fv2%2Ftags&post=168381"}],"curies":[{"name":"wp","href":"https:\/\/api.w.org\/{rel}","templated":true}]}}