{"id":168443,"date":"2021-02-04T11:38:47","date_gmt":"2021-02-04T09:38:47","guid":{"rendered":"http:\/\/107.6.182.27\/es\/?p=168443"},"modified":"2023-01-09T14:08:00","modified_gmt":"2023-01-09T12:08:00","slug":"panaderias-de-hasakeh-y-qamishli-sin-harina-de-pan-por-el-asedio-de-la-milicia-fds","status":"publish","type":"post","link":"https:\/\/archive.sana.sy\/es\/?p=168443","title":{"rendered":"Panader\u00edas de Hasakeh y Qamishli sin harina de pan por el asedio de la milicia FDS"},"content":{"rendered":"<p style=\"text-align: justify;\"><span style=\"color: #800000;\">Hasakeh, SANA<\/span><\/p>\n<p style=\"text-align: justify;\">Por noveno d\u00eda consecutivo, las panader\u00edas de Masaken en ciudad de Hasakeh y de Baath en la ciudad de Qamishli siguen paradas por falta de la harina de pan.<\/p>\n<p style=\"text-align: justify;\">Seg\u00fan report\u00f3 el corresponsal de SANA en Hasakeh, la milicia FDS impide la llegada de la harina a dichas panader\u00edas.<\/p>\n<p style=\"text-align: justify;\"><em><strong>Nota en desarrollo..<\/strong><\/em><\/p>\n<p style=\"text-align: justify;\"><strong><span style=\"color: #0000ff;\"><em>fm\/ed<\/em><\/span><\/strong><\/p>\n<p style=\"text-align: justify;\">\n","protected":false},"excerpt":{"rendered":"<p>Hasakeh, SANA Por noveno d\u00eda consecutivo, las panader\u00edas de Masaken en ciudad de Hasakeh y de Baath en la ciudad de Qamishli siguen paradas por falta de la harina de pan. Seg\u00fan report\u00f3 el corresponsal de SANA en Hasakeh, la milicia FDS impide la llegada de la harina a dichas panader\u00edas. Nota en desarrollo.. fm\/ed<\/p>\n","protected":false},"author":32,"featured_media":168444,"comment_status":"closed","ping_status":"closed","sticky":false,"template":"","format":"standard","meta":{"footnotes":""},"categories":[477,597,573,476,7541],"tags":[],"class_list":["post-168443","post","type-post","status-publish","format-standard","has-post-thumbnail","","category-noticias-edulcorantes","category-cinta-de-noticias","category-la-realidad-de-los-acontecimientos-en-siria","category-locales","category-ultimas-noticias"],"_links":{"self":[{"href":"https:\/\/archive.sana.sy\/es\/index.php?rest_route=\/wp\/v2\/posts\/168443"}],"collection":[{"href":"https:\/\/archive.sana.sy\/es\/index.php?rest_route=\/wp\/v2\/posts"}],"about":[{"href":"https:\/\/archive.sana.sy\/es\/index.php?rest_route=\/wp\/v2\/types\/post"}],"author":[{"embeddable":true,"href":"https:\/\/archive.sana.sy\/es\/index.php?rest_route=\/wp\/v2\/users\/32"}],"replies":[{"embeddable":true,"href":"https:\/\/archive.sana.sy\/es\/index.php?rest_route=%2Fwp%2Fv2%2Fcomments&post=168443"}],"version-history":[{"count":0,"href":"https:\/\/archive.sana.sy\/es\/index.php?rest_route=\/wp\/v2\/posts\/168443\/revisions"}],"wp:featuredmedia":[{"embeddable":true,"href":"https:\/\/archive.sana.sy\/es\/index.php?rest_route=\/wp\/v2\/media\/168444"}],"wp:attachment":[{"href":"https:\/\/archive.sana.sy\/es\/index.php?rest_route=%2Fwp%2Fv2%2Fmedia&parent=168443"}],"wp:term":[{"taxonomy":"category","embeddable":true,"href":"https:\/\/archive.sana.sy\/es\/index.php?rest_route=%2Fwp%2Fv2%2Fcategories&post=168443"},{"taxonomy":"post_tag","embeddable":true,"href":"https:\/\/archive.sana.sy\/es\/index.php?rest_route=%2Fwp%2Fv2%2Ftags&post=168443"}],"curies":[{"name":"wp","href":"https:\/\/api.w.org\/{rel}","templated":true}]}}