{"id":168446,"date":"2021-02-04T13:05:58","date_gmt":"2021-02-04T11:05:58","guid":{"rendered":"http:\/\/107.6.182.27\/es\/?p=168446"},"modified":"2021-02-04T13:05:58","modified_gmt":"2021-02-04T11:05:58","slug":"siria-insta-al-consejo-de-seguridad-a-impedir-que-se-repitan-ataques-israelies-contra-su-territorio","status":"publish","type":"post","link":"https:\/\/archive.sana.sy\/es\/?p=168446","title":{"rendered":"Siria insta al Consejo de Seguridad a impedir que se repitan ataques israel\u00edes contra su territorio"},"content":{"rendered":"<p style=\"text-align: justify;\"><strong><span style=\"color: #800000;\">Damasco, SANA<\/span><\/strong><\/p>\n<p style=\"text-align: justify;\">El Ministerio de Exteriores y Expatriados exhort\u00f3 una vez m\u00e1s al Consejo de Seguridad para que asuma sus responsabilidades en virtud de la Carta de las Naciones Unidas y tomar medidas firmes e inmediatas para evitar la repetici\u00f3n de los ataques terroristas israel\u00edes contra el territorio sirio.<\/p>\n<p style=\"text-align: justify;\">En una carta enviada al Secretario General de las Naciones Unidas y al Presidente del Consejo de Seguridad, la Canciller\u00eda hizo referencia a la nueva agresi\u00f3n israel\u00ed con misiles perpetrada contra el territorio de la Rep\u00fablica \u00c1rabe Siria, el mi\u00e9rcoles, 3 de febrero de 2021.<\/p>\n<p style=\"text-align: justify;\">&#8220;Damasco afirma una vez m\u00e1s que los continuos ataques se han convertido en pol\u00edtica sistem\u00e1tica del ente sionista cuyos funcionarios compiten descaradamente para anunciarlos y justificarlos con pretextos endebles que constituyen un paraguas debajo el cual el enemigo sionista justifica su comportamiento terrorista&#8221;, remarc\u00f3 la misiva.<\/p>\n<p style=\"text-align: justify;\">Ratific\u00f3 la determinaci\u00f3n de Siria de seguir su invariable enfoque para combatir el terrorismo, incluido el terrorismo apoyado por &#8220;Israel&#8221; y sus aliados, y que su ej\u00e9rcito est\u00e1 decidido hoy y m\u00e1s que nunca para continuar la lucha contra las bandas terroristas en toda Siria.<\/p>\n<p style=\"text-align: justify;\">&#8220;Los ataques israel\u00edes que aplauden esas organizaciones terroristas no lograr\u00e1n intimidar ni impedir que el pueblo sirio logre sus objetivos, sino que aumentar\u00e1n su determinaci\u00f3n y fe en la inevitabilidad de su victoria&#8221;, precis\u00f3.<\/p>\n<p style=\"text-align: justify;\">El Ministerio ratific\u00f3 la solicitud de Siria al Consejo de Seguridad para que asuma sus responsabilidades estipuladas en la Carta de las Naciones Unidas, la m\u00e1s importante de las cuales es el mantenimiento de la paz y la seguridad internacionales, tomar medidas firmes e inmediatas para evitar la repetici\u00f3n de esas agresiones terroristas israel\u00edes, y obligar a Israel a respetar sus resoluciones relacionadas con el Acuerdo de Separaci\u00f3n de Fuerzas y responsabilizarlo por su terrorismo y cr\u00edmenes contra el pueblo sirio, que constituyen violaciones flagrantes de la Carta de las Naciones Unidas, las disposiciones del derecho internacional y las resoluciones del Consejo de Seguridad No. 242, 338, 350 y 497.<\/p>\n<p style=\"text-align: justify;\"><strong><span style=\"color: #0000ff;\">fm\/ed<\/span><\/strong><\/p>\n","protected":false},"excerpt":{"rendered":"<p>Damasco, SANA El Ministerio de Exteriores y Expatriados exhort\u00f3 una vez m\u00e1s al Consejo de Seguridad para que asuma sus responsabilidades en virtud de la Carta de las Naciones Unidas y tomar medidas firmes e inmediatas para evitar la repetici\u00f3n de los ataques terroristas israel\u00edes contra el territorio sirio. En una carta enviada al Secretario &hellip;<\/p>\n","protected":false},"author":32,"featured_media":168447,"comment_status":"closed","ping_status":"closed","sticky":false,"template":"","format":"standard","meta":{"footnotes":""},"categories":[597,476,7541],"tags":[],"class_list":["post-168446","post","type-post","status-publish","format-standard","has-post-thumbnail","","category-cinta-de-noticias","category-locales","category-ultimas-noticias"],"_links":{"self":[{"href":"https:\/\/archive.sana.sy\/es\/index.php?rest_route=\/wp\/v2\/posts\/168446"}],"collection":[{"href":"https:\/\/archive.sana.sy\/es\/index.php?rest_route=\/wp\/v2\/posts"}],"about":[{"href":"https:\/\/archive.sana.sy\/es\/index.php?rest_route=\/wp\/v2\/types\/post"}],"author":[{"embeddable":true,"href":"https:\/\/archive.sana.sy\/es\/index.php?rest_route=\/wp\/v2\/users\/32"}],"replies":[{"embeddable":true,"href":"https:\/\/archive.sana.sy\/es\/index.php?rest_route=%2Fwp%2Fv2%2Fcomments&post=168446"}],"version-history":[{"count":0,"href":"https:\/\/archive.sana.sy\/es\/index.php?rest_route=\/wp\/v2\/posts\/168446\/revisions"}],"wp:featuredmedia":[{"embeddable":true,"href":"https:\/\/archive.sana.sy\/es\/index.php?rest_route=\/wp\/v2\/media\/168447"}],"wp:attachment":[{"href":"https:\/\/archive.sana.sy\/es\/index.php?rest_route=%2Fwp%2Fv2%2Fmedia&parent=168446"}],"wp:term":[{"taxonomy":"category","embeddable":true,"href":"https:\/\/archive.sana.sy\/es\/index.php?rest_route=%2Fwp%2Fv2%2Fcategories&post=168446"},{"taxonomy":"post_tag","embeddable":true,"href":"https:\/\/archive.sana.sy\/es\/index.php?rest_route=%2Fwp%2Fv2%2Ftags&post=168446"}],"curies":[{"name":"wp","href":"https:\/\/api.w.org\/{rel}","templated":true}]}}