{"id":168669,"date":"2021-02-06T19:15:22","date_gmt":"2021-02-06T17:15:22","guid":{"rendered":"http:\/\/107.6.182.27\/es\/?p=168669"},"modified":"2021-02-06T20:47:02","modified_gmt":"2021-02-06T18:47:02","slug":"una-universidad-turca-desafia-a-erdogan","status":"publish","type":"post","link":"https:\/\/archive.sana.sy\/es\/?p=168669","title":{"rendered":"Una universidad turca desaf\u00eda a Erdogan"},"content":{"rendered":"<p style=\"text-align: justify;\"><span style=\"color: #800000;\">Damasco, SANA<\/span><\/p>\n<p style=\"text-align: justify;\">La Universidad de Bogazici contin\u00faa protestando por el nombramiento de un rector afiliado al AKP, el partido liderado por Erdogan. Los acad\u00e9micos de la universidad dieron la espalda a la oficina del rector reci\u00e9n nombrado como s\u00edmbolo de rechazo. Los acad\u00e9micos pidieron la renuncia de Melih Bulu, el rector que fue designado por el presidente del r\u00e9gimen turco.<\/p>\n<p style=\"text-align: justify;\">Las protestas han estado sucediendo durante semanas y la polic\u00eda ha arrestado a cientos de manifestantes. Las manifestaciones estallaron a principios de enero cuando Erdogan nombr\u00f3 a Melih Bulu, un acad\u00e9mico con fuertes v\u00ednculos con el partido gobernante, como nuevo rector de la Universidad de Bogazici. Estudiantes y acad\u00e9micos se quejaron de que el nombramiento romp\u00eda una tradici\u00f3n de d\u00e9cadas de que los rectores de Bogazici eran elegidos dentro del equipo acad\u00e9mico de la universidad.<\/p>\n<p style=\"text-align: justify;\">La crisis de Bogazici reuni\u00f3 el apoyo de otras universidades y de los partidos opositores, que vieron en esta decisi\u00f3n del presidente un intento de buscar el control total sobre el pa\u00eds tras otorgarse amplios poderes en una reforma constitucional despu\u00e9s del intento de golpe de 2016.<\/p>\n<p style=\"text-align: justify;\">Las protestas de Bogazici recuerdan las enormes manifestaciones del parque Gezi en Estambul hace a\u00f1os y muchos dijeron que continuar\u00e1n porque el problema est\u00e1 en el sistema mismo.<\/p>\n<p style=\"text-align: justify;\">\n<span style=\"color: #0000ff;\">Fuente: Al-Manar citando a agencias<\/span><\/p>\n","protected":false},"excerpt":{"rendered":"<p>Damasco, SANA La Universidad de Bogazici contin\u00faa protestando por el nombramiento de un rector afiliado al AKP, el partido liderado por Erdogan. Los acad\u00e9micos de la universidad dieron la espalda a la oficina del rector reci\u00e9n nombrado como s\u00edmbolo de rechazo. Los acad\u00e9micos pidieron la renuncia de Melih Bulu, el rector que fue designado por &hellip;<\/p>\n","protected":false},"author":31,"featured_media":168670,"comment_status":"closed","ping_status":"closed","sticky":false,"template":"","format":"standard","meta":{"footnotes":""},"categories":[16929,7541],"tags":[],"class_list":["post-168669","post","type-post","status-publish","format-standard","has-post-thumbnail","","category-articulos-de-opinion","category-ultimas-noticias"],"_links":{"self":[{"href":"https:\/\/archive.sana.sy\/es\/index.php?rest_route=\/wp\/v2\/posts\/168669"}],"collection":[{"href":"https:\/\/archive.sana.sy\/es\/index.php?rest_route=\/wp\/v2\/posts"}],"about":[{"href":"https:\/\/archive.sana.sy\/es\/index.php?rest_route=\/wp\/v2\/types\/post"}],"author":[{"embeddable":true,"href":"https:\/\/archive.sana.sy\/es\/index.php?rest_route=\/wp\/v2\/users\/31"}],"replies":[{"embeddable":true,"href":"https:\/\/archive.sana.sy\/es\/index.php?rest_route=%2Fwp%2Fv2%2Fcomments&post=168669"}],"version-history":[{"count":0,"href":"https:\/\/archive.sana.sy\/es\/index.php?rest_route=\/wp\/v2\/posts\/168669\/revisions"}],"wp:featuredmedia":[{"embeddable":true,"href":"https:\/\/archive.sana.sy\/es\/index.php?rest_route=\/wp\/v2\/media\/168670"}],"wp:attachment":[{"href":"https:\/\/archive.sana.sy\/es\/index.php?rest_route=%2Fwp%2Fv2%2Fmedia&parent=168669"}],"wp:term":[{"taxonomy":"category","embeddable":true,"href":"https:\/\/archive.sana.sy\/es\/index.php?rest_route=%2Fwp%2Fv2%2Fcategories&post=168669"},{"taxonomy":"post_tag","embeddable":true,"href":"https:\/\/archive.sana.sy\/es\/index.php?rest_route=%2Fwp%2Fv2%2Ftags&post=168669"}],"curies":[{"name":"wp","href":"https:\/\/api.w.org\/{rel}","templated":true}]}}