{"id":168788,"date":"2021-02-08T13:03:24","date_gmt":"2021-02-08T11:03:24","guid":{"rendered":"http:\/\/107.6.182.27\/es\/?p=168788"},"modified":"2021-02-08T13:03:24","modified_gmt":"2021-02-08T11:03:24","slug":"nuevas-bajas-en-filas-de-la-milicia-separatista-fds-en-ataques-en-raqa-y-deir-ezzor","status":"publish","type":"post","link":"https:\/\/archive.sana.sy\/es\/?p=168788","title":{"rendered":"Nuevas bajas en filas de la milicia separatista FDS en ataques en Raqa y Deir Ezzor"},"content":{"rendered":"<p style=\"text-align: justify;\"><span style=\"color: #800000;\"><strong>Raqqa, Deir Ezzor, SANA<\/strong><\/span><\/p>\n<p style=\"text-align: justify;\">Varios integrantes de la milicia pro Washington Fuerzas Democr\u00e1ticas de Siria (FDS) fueron ultimados en ataques contra sus patrullas y puntos en las provincias de Raqa y Deir Ezzor.<\/p>\n<p style=\"text-align: justify;\">Seg\u00fan report\u00f3 el corresponsal de SANA, varios armados de esa milicia murieron en ataques en las aldeas de Shehabat, Muhaimida y Shehail, que presencian un rechazo popular a su presencia y a sus cr\u00edmenes de saqueo del petr\u00f3leo y las riquezas sirias con el apoyo de la ocupaci\u00f3n estadounidense.<\/p>\n<p style=\"text-align: justify;\">Asimismo, armados de FDS resultaron muertos o heridos en ataque con ametralladoras contra uno de sus puntos en las cercan\u00edas de la aldea de Kabsh, informaron activistas locales.<\/p>\n<p style=\"text-align: justify;\"><span style=\"color: #0000ff;\"><strong>ed\/fm<\/strong><\/span><\/p>\n","protected":false},"excerpt":{"rendered":"<p>Raqqa, Deir Ezzor, SANA Varios integrantes de la milicia pro Washington Fuerzas Democr\u00e1ticas de Siria (FDS) fueron ultimados en ataques contra sus patrullas y puntos en las provincias de Raqa y Deir Ezzor. Seg\u00fan report\u00f3 el corresponsal de SANA, varios armados de esa milicia murieron en ataques en las aldeas de Shehabat, Muhaimida y Shehail, &hellip;<\/p>\n","protected":false},"author":32,"featured_media":168789,"comment_status":"closed","ping_status":"closed","sticky":false,"template":"","format":"standard","meta":{"footnotes":""},"categories":[447,597,573,7541],"tags":[],"class_list":["post-168788","post","type-post","status-publish","format-standard","has-post-thumbnail","","category-local-politica","category-cinta-de-noticias","category-la-realidad-de-los-acontecimientos-en-siria","category-ultimas-noticias"],"_links":{"self":[{"href":"https:\/\/archive.sana.sy\/es\/index.php?rest_route=\/wp\/v2\/posts\/168788"}],"collection":[{"href":"https:\/\/archive.sana.sy\/es\/index.php?rest_route=\/wp\/v2\/posts"}],"about":[{"href":"https:\/\/archive.sana.sy\/es\/index.php?rest_route=\/wp\/v2\/types\/post"}],"author":[{"embeddable":true,"href":"https:\/\/archive.sana.sy\/es\/index.php?rest_route=\/wp\/v2\/users\/32"}],"replies":[{"embeddable":true,"href":"https:\/\/archive.sana.sy\/es\/index.php?rest_route=%2Fwp%2Fv2%2Fcomments&post=168788"}],"version-history":[{"count":0,"href":"https:\/\/archive.sana.sy\/es\/index.php?rest_route=\/wp\/v2\/posts\/168788\/revisions"}],"wp:featuredmedia":[{"embeddable":true,"href":"https:\/\/archive.sana.sy\/es\/index.php?rest_route=\/wp\/v2\/media\/168789"}],"wp:attachment":[{"href":"https:\/\/archive.sana.sy\/es\/index.php?rest_route=%2Fwp%2Fv2%2Fmedia&parent=168788"}],"wp:term":[{"taxonomy":"category","embeddable":true,"href":"https:\/\/archive.sana.sy\/es\/index.php?rest_route=%2Fwp%2Fv2%2Fcategories&post=168788"},{"taxonomy":"post_tag","embeddable":true,"href":"https:\/\/archive.sana.sy\/es\/index.php?rest_route=%2Fwp%2Fv2%2Ftags&post=168788"}],"curies":[{"name":"wp","href":"https:\/\/api.w.org\/{rel}","templated":true}]}}