{"id":168797,"date":"2021-02-08T16:48:28","date_gmt":"2021-02-08T14:48:28","guid":{"rendered":"http:\/\/107.6.182.27\/es\/?p=168797"},"modified":"2023-01-10T14:30:12","modified_gmt":"2023-01-10T12:30:12","slug":"24-poblados-en-el-norte-de-siria-estan-sin-electricidad-por-culpa-del-ocupante-turco-y-sus-mercenarios","status":"publish","type":"post","link":"https:\/\/archive.sana.sy\/es\/?p=168797","title":{"rendered":"24 poblados en el norte de Siria est\u00e1n sin electricidad por culpa del ocupante turco y sus mercenarios"},"content":{"rendered":"<p style=\"text-align: justify;\"><span style=\"color: #800000;\"><strong>Hasakeh, SANA<\/strong><\/span><\/p>\n<p style=\"text-align: justify;\">Varias localidades en el norte y suroeste del \u00e1rea de Tal Tamer en la provincia de Hasakeh viven sin electricidad desde hace 33 d\u00edas debido a las acciones de sabotaje de los mercenarios de la ocupaci\u00f3n turca que saquean los transformadores y las l\u00edneas el\u00e9ctricas, e impiden que los t\u00e9cnicos efect\u00faen el mantenimiento y la reparaci\u00f3n.<\/p>\n<p style=\"text-align: justify;\">En una declaraci\u00f3n al corresponsal de SANA, el director de la Compa\u00f1\u00eda \u00a0de Electricidad de Hasakeh, Anwar Al-Akla, dijo que cuatro localidades se alimentan de la l\u00ednea el\u00e9ctrica proveniente de la planta \u00a0de Mabrouka ubicada dentro de las \u00e1reas ocupadas por los mercenarios de la ocupaci\u00f3n turca.<\/p>\n<p style=\"text-align: justify;\">Explic\u00f3 que \u201cotras 20 aldeas est\u00e1n sin electricidad desde el d\u00eda 6 de enero debido a una agresi\u00f3n de los terroristas proturcos a la planta de Tal Tamer y las l\u00edneas el\u00e9ctricas que alimentan la misma.<\/p>\n<p style=\"text-align: justify;\">El director provincial agreg\u00f3 que existen repetidos intentos para arreglar las aver\u00edas a pesar del alto riesgo ya que es una zona adyacente a las \u00e1reas ocupadas por los mercenarios de la ocupaci\u00f3n turca.<\/p>\n<p style=\"text-align: justify;\">Las fuerzas de ocupaci\u00f3n turcas y sus mercenarios atacan deliberadamente la infraestructura y las instalaciones de servicio en el campo norte y oeste de Hasakeh para privar la poblaci\u00f3n de sus servicios y obligarlos a abandonar sus hogares para efectuar un cambio demogr\u00e1fico en la zona.<\/p>\n<p style=\"text-align: justify;\"><em>fm<\/em><\/p>\n","protected":false},"excerpt":{"rendered":"<p>Hasakeh, SANA Varias localidades en el norte y suroeste del \u00e1rea de Tal Tamer en la provincia de Hasakeh viven sin electricidad desde hace 33 d\u00edas debido a las acciones de sabotaje de los mercenarios de la ocupaci\u00f3n turca que saquean los transformadores y las l\u00edneas el\u00e9ctricas, e impiden que los t\u00e9cnicos efect\u00faen el mantenimiento &hellip;<\/p>\n","protected":false},"author":34,"featured_media":168798,"comment_status":"closed","ping_status":"closed","sticky":false,"template":"","format":"standard","meta":{"footnotes":""},"categories":[447,477,597,476,457,583],"tags":[],"class_list":["post-168797","post","type-post","status-publish","format-standard","has-post-thumbnail","","category-local-politica","category-noticias-edulcorantes","category-cinta-de-noticias","category-locales","category-noticias-arabe-internacional-politica","category-slide"],"_links":{"self":[{"href":"https:\/\/archive.sana.sy\/es\/index.php?rest_route=\/wp\/v2\/posts\/168797"}],"collection":[{"href":"https:\/\/archive.sana.sy\/es\/index.php?rest_route=\/wp\/v2\/posts"}],"about":[{"href":"https:\/\/archive.sana.sy\/es\/index.php?rest_route=\/wp\/v2\/types\/post"}],"author":[{"embeddable":true,"href":"https:\/\/archive.sana.sy\/es\/index.php?rest_route=\/wp\/v2\/users\/34"}],"replies":[{"embeddable":true,"href":"https:\/\/archive.sana.sy\/es\/index.php?rest_route=%2Fwp%2Fv2%2Fcomments&post=168797"}],"version-history":[{"count":0,"href":"https:\/\/archive.sana.sy\/es\/index.php?rest_route=\/wp\/v2\/posts\/168797\/revisions"}],"wp:featuredmedia":[{"embeddable":true,"href":"https:\/\/archive.sana.sy\/es\/index.php?rest_route=\/wp\/v2\/media\/168798"}],"wp:attachment":[{"href":"https:\/\/archive.sana.sy\/es\/index.php?rest_route=%2Fwp%2Fv2%2Fmedia&parent=168797"}],"wp:term":[{"taxonomy":"category","embeddable":true,"href":"https:\/\/archive.sana.sy\/es\/index.php?rest_route=%2Fwp%2Fv2%2Fcategories&post=168797"},{"taxonomy":"post_tag","embeddable":true,"href":"https:\/\/archive.sana.sy\/es\/index.php?rest_route=%2Fwp%2Fv2%2Ftags&post=168797"}],"curies":[{"name":"wp","href":"https:\/\/api.w.org\/{rel}","templated":true}]}}