{"id":168813,"date":"2021-02-08T21:47:13","date_gmt":"2021-02-08T19:47:13","guid":{"rendered":"http:\/\/107.6.182.27\/es\/?p=168813"},"modified":"2021-02-08T21:47:13","modified_gmt":"2021-02-08T19:47:13","slug":"ejecutan-proyectos-de-servicio-en-las-zonas-liberadas-de-idlib","status":"publish","type":"post","link":"https:\/\/archive.sana.sy\/es\/?p=168813","title":{"rendered":"Ejecutan proyectos de servicio en las zonas liberadas de Idlib"},"content":{"rendered":"<p><span style=\"color: #800000;\">Hama, SANA<\/span><\/p>\n<p style=\"text-align: justify;\">Contin\u00faan las labores de rehabilitaci\u00f3n de la infraestructura da\u00f1ada por el terrorismo en las zonas liberadas del terrorismo en la provincia septentrional de Idlib.<\/p>\n<p style=\"text-align: justify;\">En este sentido, se puso en funcionamiento una estaci\u00f3n de bombeo de agua en la localidad de Tah, una l\u00ednea el\u00e9ctrica de 66 KVA en la ciudad de Khan Sheikhon, adem\u00e1s de inaugurar una Unidad de Orientaci\u00f3n Agr\u00edcola para los campesinos en la localidad de Abu al-Dohur.<\/p>\n<p style=\"text-align: justify;\">El objetivo de esos proyectos es garantizar los servicios b\u00e1sicos a los ciudadanos que retornaron a sus pueblos liberados.<\/p>\n<p style=\"text-align: justify;\">El gobernador de Idlib, Muhammad Nattouf, comunic\u00f3 a SANA que la Gobernaci\u00f3n se esfuerza para garantizar los servicios b\u00e1sicos en las localidades que sacudieron el polvo del terrorismo gracias al ej\u00e9rcito sirio.<\/p>\n<p style=\"text-align: justify;\">Khaled Al-Daher, jefe de la Uni\u00f3n de Agricultores de Idlib, indic\u00f3 que la Unidad de Orientaci\u00f3n Agr\u00edcola de Abu al-Dohur ofrece servicios para campesinos due\u00f1os de 15 mil hect\u00e1reas de tierras cultivadas de trigo.<\/p>\n<p><span style=\"color: #0000ff;\">rr\/fm<\/span><\/p>\n<div id='gallery-1' class='gallery galleryid-168813 gallery-columns-1 gallery-size-large'><figure class='gallery-item'>\n\t\t\t<div class='gallery-icon landscape'>\n\t\t\t\t<a href='https:\/\/archive.sana.sy\/es\/wp-content\/uploads\/2021\/02\/DSC_5096-scaled.jpg'><img loading=\"lazy\" decoding=\"async\" width=\"618\" height=\"423\" src=\"https:\/\/archive.sana.sy\/es\/wp-content\/uploads\/2021\/02\/DSC_5096-1024x701.jpg\" class=\"attachment-large size-large\" alt=\"\" srcset=\"https:\/\/archive.sana.sy\/es\/wp-content\/uploads\/2021\/02\/DSC_5096-1024x701.jpg 1024w, https:\/\/archive.sana.sy\/es\/wp-content\/uploads\/2021\/02\/DSC_5096-300x205.jpg 300w, https:\/\/archive.sana.sy\/es\/wp-content\/uploads\/2021\/02\/DSC_5096-150x103.jpg 150w, https:\/\/archive.sana.sy\/es\/wp-content\/uploads\/2021\/02\/DSC_5096-768x526.jpg 768w, https:\/\/archive.sana.sy\/es\/wp-content\/uploads\/2021\/02\/DSC_5096-1536x1052.jpg 1536w, https:\/\/archive.sana.sy\/es\/wp-content\/uploads\/2021\/02\/DSC_5096-2048x1402.jpg 2048w, https:\/\/archive.sana.sy\/es\/wp-content\/uploads\/2021\/02\/DSC_5096-110x75.jpg 110w\" sizes=\"(max-width: 618px) 100vw, 618px\" \/><\/a>\n\t\t\t<\/div><\/figure><figure class='gallery-item'>\n\t\t\t<div class='gallery-icon landscape'>\n\t\t\t\t<a href='https:\/\/archive.sana.sy\/es\/wp-content\/uploads\/2021\/02\/DSC_5117-scaled.jpg'><img loading=\"lazy\" decoding=\"async\" width=\"618\" height=\"397\" src=\"https:\/\/archive.sana.sy\/es\/wp-content\/uploads\/2021\/02\/DSC_5117-1024x658.jpg\" class=\"attachment-large size-large\" alt=\"\" srcset=\"https:\/\/archive.sana.sy\/es\/wp-content\/uploads\/2021\/02\/DSC_5117-1024x658.jpg 1024w, https:\/\/archive.sana.sy\/es\/wp-content\/uploads\/2021\/02\/DSC_5117-300x193.jpg 300w, https:\/\/archive.sana.sy\/es\/wp-content\/uploads\/2021\/02\/DSC_5117-150x96.jpg 150w, https:\/\/archive.sana.sy\/es\/wp-content\/uploads\/2021\/02\/DSC_5117-768x494.jpg 768w, https:\/\/archive.sana.sy\/es\/wp-content\/uploads\/2021\/02\/DSC_5117-1536x988.jpg 1536w, https:\/\/archive.sana.sy\/es\/wp-content\/uploads\/2021\/02\/DSC_5117-2048x1317.jpg 2048w\" sizes=\"(max-width: 618px) 100vw, 618px\" \/><\/a>\n\t\t\t<\/div><\/figure><figure class='gallery-item'>\n\t\t\t<div class='gallery-icon landscape'>\n\t\t\t\t<a href='https:\/\/archive.sana.sy\/es\/wp-content\/uploads\/2021\/02\/DSC_5161-scaled.jpg'><img loading=\"lazy\" decoding=\"async\" width=\"618\" height=\"412\" src=\"https:\/\/archive.sana.sy\/es\/wp-content\/uploads\/2021\/02\/DSC_5161-1024x683.jpg\" class=\"attachment-large size-large\" alt=\"\" srcset=\"https:\/\/archive.sana.sy\/es\/wp-content\/uploads\/2021\/02\/DSC_5161-1024x683.jpg 1024w, https:\/\/archive.sana.sy\/es\/wp-content\/uploads\/2021\/02\/DSC_5161-300x200.jpg 300w, https:\/\/archive.sana.sy\/es\/wp-content\/uploads\/2021\/02\/DSC_5161-150x100.jpg 150w, https:\/\/archive.sana.sy\/es\/wp-content\/uploads\/2021\/02\/DSC_5161-768x512.jpg 768w, https:\/\/archive.sana.sy\/es\/wp-content\/uploads\/2021\/02\/DSC_5161-1536x1024.jpg 1536w, https:\/\/archive.sana.sy\/es\/wp-content\/uploads\/2021\/02\/DSC_5161-2048x1366.jpg 2048w\" sizes=\"(max-width: 618px) 100vw, 618px\" \/><\/a>\n\t\t\t<\/div><\/figure>\n\t\t<\/div>\n\n<p>&nbsp;<\/p>\n","protected":false},"excerpt":{"rendered":"<p>Hama, SANA Contin\u00faan las labores de rehabilitaci\u00f3n de la infraestructura da\u00f1ada por el terrorismo en las zonas liberadas del terrorismo en la provincia septentrional de Idlib. En este sentido, se puso en funcionamiento una estaci\u00f3n de bombeo de agua en la localidad de Tah, una l\u00ednea el\u00e9ctrica de 66 KVA en la ciudad de Khan &hellip;<\/p>\n","protected":false},"author":31,"featured_media":168814,"comment_status":"closed","ping_status":"closed","sticky":false,"template":"","format":"standard","meta":{"footnotes":""},"categories":[597,476,7541],"tags":[],"class_list":["post-168813","post","type-post","status-publish","format-standard","has-post-thumbnail","","category-cinta-de-noticias","category-locales","category-ultimas-noticias"],"_links":{"self":[{"href":"https:\/\/archive.sana.sy\/es\/index.php?rest_route=\/wp\/v2\/posts\/168813"}],"collection":[{"href":"https:\/\/archive.sana.sy\/es\/index.php?rest_route=\/wp\/v2\/posts"}],"about":[{"href":"https:\/\/archive.sana.sy\/es\/index.php?rest_route=\/wp\/v2\/types\/post"}],"author":[{"embeddable":true,"href":"https:\/\/archive.sana.sy\/es\/index.php?rest_route=\/wp\/v2\/users\/31"}],"replies":[{"embeddable":true,"href":"https:\/\/archive.sana.sy\/es\/index.php?rest_route=%2Fwp%2Fv2%2Fcomments&post=168813"}],"version-history":[{"count":0,"href":"https:\/\/archive.sana.sy\/es\/index.php?rest_route=\/wp\/v2\/posts\/168813\/revisions"}],"wp:featuredmedia":[{"embeddable":true,"href":"https:\/\/archive.sana.sy\/es\/index.php?rest_route=\/wp\/v2\/media\/168814"}],"wp:attachment":[{"href":"https:\/\/archive.sana.sy\/es\/index.php?rest_route=%2Fwp%2Fv2%2Fmedia&parent=168813"}],"wp:term":[{"taxonomy":"category","embeddable":true,"href":"https:\/\/archive.sana.sy\/es\/index.php?rest_route=%2Fwp%2Fv2%2Fcategories&post=168813"},{"taxonomy":"post_tag","embeddable":true,"href":"https:\/\/archive.sana.sy\/es\/index.php?rest_route=%2Fwp%2Fv2%2Ftags&post=168813"}],"curies":[{"name":"wp","href":"https:\/\/api.w.org\/{rel}","templated":true}]}}