{"id":168819,"date":"2021-02-08T14:59:01","date_gmt":"2021-02-08T12:59:01","guid":{"rendered":"http:\/\/107.6.182.27\/es\/?p=168819"},"modified":"2021-02-08T22:13:57","modified_gmt":"2021-02-08T20:13:57","slug":"muere-un-civil-por-estallido-de-una-bala-remanente-de-terroristas-al-suroeste-de-damasco","status":"publish","type":"post","link":"https:\/\/archive.sana.sy\/es\/?p=168819","title":{"rendered":"Muere un civil por estallido de una bala remanente de terroristas al suroeste de Damasco"},"content":{"rendered":"<p><span style=\"color: #800000;\">Damasco-campo, SANA<\/span><\/p>\n<p style=\"text-align: justify;\">Un joven muri\u00f3 y su madre result\u00f3 herida por la explosi\u00f3n de una bala de 23 mm remanente de los terroristas en el pueblo de Magher al-Mir en la localidad de Beit Gen, al suroeste de la capital Damasco.<\/p>\n<p style=\"text-align: justify;\">Wisam al-Mawardi, director del hospital provincial \u201cMamdouh Abaza\u201d, en el que fueron ingresadas las v\u00edctimas, comunic\u00f3 a SANA que el joven muri\u00f3 a consecuencia de sus heridas y su madre recibi\u00f3 tratamiento a sus lesiones por las metrallas en todo el cuerpo.<\/p>\n<p style=\"text-align: justify;\">Detall\u00f3 que la madre fue trasladada y hospitalizada en Damasco para darle el tratamiento adecuado.<\/p>\n<p><span style=\"color: #0000ff;\">rr\/fm<\/span><\/p>\n","protected":false},"excerpt":{"rendered":"<p>Damasco-campo, SANA Un joven muri\u00f3 y su madre result\u00f3 herida por la explosi\u00f3n de una bala de 23 mm remanente de los terroristas en el pueblo de Magher al-Mir en la localidad de Beit Gen, al suroeste de la capital Damasco. Wisam al-Mawardi, director del hospital provincial \u201cMamdouh Abaza\u201d, en el que fueron ingresadas las &hellip;<\/p>\n","protected":false},"author":31,"featured_media":168820,"comment_status":"closed","ping_status":"closed","sticky":false,"template":"","format":"standard","meta":{"footnotes":""},"categories":[597,573,7541],"tags":[],"class_list":["post-168819","post","type-post","status-publish","format-standard","has-post-thumbnail","","category-cinta-de-noticias","category-la-realidad-de-los-acontecimientos-en-siria","category-ultimas-noticias"],"_links":{"self":[{"href":"https:\/\/archive.sana.sy\/es\/index.php?rest_route=\/wp\/v2\/posts\/168819"}],"collection":[{"href":"https:\/\/archive.sana.sy\/es\/index.php?rest_route=\/wp\/v2\/posts"}],"about":[{"href":"https:\/\/archive.sana.sy\/es\/index.php?rest_route=\/wp\/v2\/types\/post"}],"author":[{"embeddable":true,"href":"https:\/\/archive.sana.sy\/es\/index.php?rest_route=\/wp\/v2\/users\/31"}],"replies":[{"embeddable":true,"href":"https:\/\/archive.sana.sy\/es\/index.php?rest_route=%2Fwp%2Fv2%2Fcomments&post=168819"}],"version-history":[{"count":0,"href":"https:\/\/archive.sana.sy\/es\/index.php?rest_route=\/wp\/v2\/posts\/168819\/revisions"}],"wp:featuredmedia":[{"embeddable":true,"href":"https:\/\/archive.sana.sy\/es\/index.php?rest_route=\/wp\/v2\/media\/168820"}],"wp:attachment":[{"href":"https:\/\/archive.sana.sy\/es\/index.php?rest_route=%2Fwp%2Fv2%2Fmedia&parent=168819"}],"wp:term":[{"taxonomy":"category","embeddable":true,"href":"https:\/\/archive.sana.sy\/es\/index.php?rest_route=%2Fwp%2Fv2%2Fcategories&post=168819"},{"taxonomy":"post_tag","embeddable":true,"href":"https:\/\/archive.sana.sy\/es\/index.php?rest_route=%2Fwp%2Fv2%2Ftags&post=168819"}],"curies":[{"name":"wp","href":"https:\/\/api.w.org\/{rel}","templated":true}]}}