{"id":168834,"date":"2021-02-09T09:40:46","date_gmt":"2021-02-09T07:40:46","guid":{"rendered":"http:\/\/107.6.182.27\/es\/?p=168834"},"modified":"2023-01-09T14:07:59","modified_gmt":"2023-01-09T12:07:59","slug":"atentado-con-explosivo-hiere-a-una-persona-en-deraa","status":"publish","type":"post","link":"https:\/\/archive.sana.sy\/es\/?p=168834","title":{"rendered":"Atentado con explosivo hiere a una persona en Deraa"},"content":{"rendered":"<p style=\"text-align: justify;\"><span style=\"color: #800000;\"><strong>Deraa, SANA<\/strong><\/span><\/p>\n<p style=\"text-align: justify;\">Un ciudadano result\u00f3 gravemente herido por el estallido de una bomba que fue colocada en su coche en la localidad de Sayda, en el este de la provincia sure\u00f1a de Deraa.<\/p>\n<p style=\"text-align: justify;\">Seg\u00fan inform\u00f3 la polic\u00eda provincial, la v\u00edctima fue trasladada y est\u00e1 siendo atendida en uno de los hospitales de la ciudad.<\/p>\n<p style=\"text-align: justify;\">C\u00e9lulas terroristas en Deraa tienden, de vez en cuando, a desestabilizar la zona mediante explosiones y ataques contra los civiles y las propiedades p\u00fablicas y privadas.<\/p>\n<p style=\"text-align: justify;\"><span style=\"color: #0000ff;\"><strong>ws\/fm<\/strong><\/span><\/p>\n","protected":false},"excerpt":{"rendered":"<p>Deraa, SANA Un ciudadano result\u00f3 gravemente herido por el estallido de una bomba que fue colocada en su coche en la localidad de Sayda, en el este de la provincia sure\u00f1a de Deraa. Seg\u00fan inform\u00f3 la polic\u00eda provincial, la v\u00edctima fue trasladada y est\u00e1 siendo atendida en uno de los hospitales de la ciudad. C\u00e9lulas &hellip;<\/p>\n","protected":false},"author":35,"featured_media":168835,"comment_status":"closed","ping_status":"closed","sticky":false,"template":"","format":"standard","meta":{"footnotes":""},"categories":[597,476,7541],"tags":[],"class_list":["post-168834","post","type-post","status-publish","format-standard","has-post-thumbnail","","category-cinta-de-noticias","category-locales","category-ultimas-noticias"],"_links":{"self":[{"href":"https:\/\/archive.sana.sy\/es\/index.php?rest_route=\/wp\/v2\/posts\/168834"}],"collection":[{"href":"https:\/\/archive.sana.sy\/es\/index.php?rest_route=\/wp\/v2\/posts"}],"about":[{"href":"https:\/\/archive.sana.sy\/es\/index.php?rest_route=\/wp\/v2\/types\/post"}],"author":[{"embeddable":true,"href":"https:\/\/archive.sana.sy\/es\/index.php?rest_route=\/wp\/v2\/users\/35"}],"replies":[{"embeddable":true,"href":"https:\/\/archive.sana.sy\/es\/index.php?rest_route=%2Fwp%2Fv2%2Fcomments&post=168834"}],"version-history":[{"count":0,"href":"https:\/\/archive.sana.sy\/es\/index.php?rest_route=\/wp\/v2\/posts\/168834\/revisions"}],"wp:featuredmedia":[{"embeddable":true,"href":"https:\/\/archive.sana.sy\/es\/index.php?rest_route=\/wp\/v2\/media\/168835"}],"wp:attachment":[{"href":"https:\/\/archive.sana.sy\/es\/index.php?rest_route=%2Fwp%2Fv2%2Fmedia&parent=168834"}],"wp:term":[{"taxonomy":"category","embeddable":true,"href":"https:\/\/archive.sana.sy\/es\/index.php?rest_route=%2Fwp%2Fv2%2Fcategories&post=168834"},{"taxonomy":"post_tag","embeddable":true,"href":"https:\/\/archive.sana.sy\/es\/index.php?rest_route=%2Fwp%2Fv2%2Ftags&post=168834"}],"curies":[{"name":"wp","href":"https:\/\/api.w.org\/{rel}","templated":true}]}}