{"id":168840,"date":"2021-02-09T10:16:57","date_gmt":"2021-02-09T08:16:57","guid":{"rendered":"http:\/\/107.6.182.27\/es\/?p=168840"},"modified":"2021-02-09T22:19:52","modified_gmt":"2021-02-09T20:19:52","slug":"partido-social-y-nacionalista-sirio-denuncia-sistematica-turquizacion-en-norte-de-siria","status":"publish","type":"post","link":"https:\/\/archive.sana.sy\/es\/?p=168840","title":{"rendered":"Partido Social y Nacionalista Sirio denuncia sistem\u00e1tica turquizaci\u00f3n en norte de Siria"},"content":{"rendered":"<p style=\"text-align: justify;\"><strong><span style=\"color: #800000;\">Beirut, SANA<\/span><\/strong><\/p>\n<p style=\"text-align: justify;\">El Partido Social y Nacionalista Sirio conden\u00f3 en\u00e9rgicamente la decisi\u00f3n del r\u00e9gimen turco de abrir dos centros educativos afiliados a la Universidad de Estambul en la ciudad de Al-Rai en el norte de Alepo.<\/p>\n<p style=\"text-align: justify;\">Calific\u00f3 esta decisi\u00f3n de \u201cinstinto turco de terrorismo y agresi\u00f3n\u201d y de acto hostil a la educaci\u00f3n y los planes de estudios sirios.<\/p>\n<p style=\"text-align: justify;\">Seg\u00fan un comunicado emitido el lunes por el Partido, la decisi\u00f3n turca es una nueva violaci\u00f3n de la soberan\u00eda siria y forma parte de las continuas violaciones de las leyes, tratados y pactos internacionales, y expresa claramente la crueldad y agresividad de el ocupante turco.<\/p>\n<p style=\"text-align: justify;\">El partido llam\u00f3 a resistir a todas las formas de ocupaci\u00f3n turca y consider\u00f3 que resistir la invasi\u00f3n educativa no es menos importante que a la militar y terrorista.<\/p>\n<p style=\"text-align: justify;\"><span style=\"color: #0000ff;\"><strong>rr\/fm\/ws<\/strong><\/span><\/p>\n","protected":false},"excerpt":{"rendered":"<p>Beirut, SANA El Partido Social y Nacionalista Sirio conden\u00f3 en\u00e9rgicamente la decisi\u00f3n del r\u00e9gimen turco de abrir dos centros educativos afiliados a la Universidad de Estambul en la ciudad de Al-Rai en el norte de Alepo. Calific\u00f3 esta decisi\u00f3n de \u201cinstinto turco de terrorismo y agresi\u00f3n\u201d y de acto hostil a la educaci\u00f3n y los &hellip;<\/p>\n","protected":false},"author":35,"featured_media":168841,"comment_status":"closed","ping_status":"closed","sticky":false,"template":"","format":"standard","meta":{"footnotes":""},"categories":[597,467,7541],"tags":[],"class_list":["post-168840","post","type-post","status-publish","format-standard","has-post-thumbnail","","category-cinta-de-noticias","category-siria-y-el-mundo","category-ultimas-noticias"],"_links":{"self":[{"href":"https:\/\/archive.sana.sy\/es\/index.php?rest_route=\/wp\/v2\/posts\/168840"}],"collection":[{"href":"https:\/\/archive.sana.sy\/es\/index.php?rest_route=\/wp\/v2\/posts"}],"about":[{"href":"https:\/\/archive.sana.sy\/es\/index.php?rest_route=\/wp\/v2\/types\/post"}],"author":[{"embeddable":true,"href":"https:\/\/archive.sana.sy\/es\/index.php?rest_route=\/wp\/v2\/users\/35"}],"replies":[{"embeddable":true,"href":"https:\/\/archive.sana.sy\/es\/index.php?rest_route=%2Fwp%2Fv2%2Fcomments&post=168840"}],"version-history":[{"count":0,"href":"https:\/\/archive.sana.sy\/es\/index.php?rest_route=\/wp\/v2\/posts\/168840\/revisions"}],"wp:featuredmedia":[{"embeddable":true,"href":"https:\/\/archive.sana.sy\/es\/index.php?rest_route=\/wp\/v2\/media\/168841"}],"wp:attachment":[{"href":"https:\/\/archive.sana.sy\/es\/index.php?rest_route=%2Fwp%2Fv2%2Fmedia&parent=168840"}],"wp:term":[{"taxonomy":"category","embeddable":true,"href":"https:\/\/archive.sana.sy\/es\/index.php?rest_route=%2Fwp%2Fv2%2Fcategories&post=168840"},{"taxonomy":"post_tag","embeddable":true,"href":"https:\/\/archive.sana.sy\/es\/index.php?rest_route=%2Fwp%2Fv2%2Ftags&post=168840"}],"curies":[{"name":"wp","href":"https:\/\/api.w.org\/{rel}","templated":true}]}}