{"id":168953,"date":"2021-02-10T09:24:02","date_gmt":"2021-02-10T07:24:02","guid":{"rendered":"http:\/\/107.6.182.27\/es\/?p=168953"},"modified":"2021-02-10T09:27:30","modified_gmt":"2021-02-10T07:27:30","slug":"escudo-de-la-republica-arabe-siria","status":"publish","type":"post","link":"https:\/\/archive.sana.sy\/es\/?p=168953","title":{"rendered":"Escudo de la Rep\u00fablica \u00c1rabe Siria"},"content":{"rendered":"<p style=\"text-align: justify;\"><span style=\"color: #800000;\"><strong>Damasco, SANA<\/strong><\/span><\/p>\n<p style=\"text-align: justify;\">El escudo de la Rep\u00fablica \u00c1rabe Siria est\u00e1 compuesto por un halc\u00f3n dorado y porta sobre su pecho un escudo \u00e1rabe con los colores de la bandera nacional. Bajo el escudo figuran dos ramas de trigo que simbolizan la fertilidad y la vida.<\/p>\n<p style=\"text-align: justify;\">El halc\u00f3n sostiene con sus garras una cinta en la que figura escrita con caligraf\u00eda c\u00fafica la frase &#8220;Rep\u00fablica \u00c1rabe Siria&#8221;.<\/p>\n<p style=\"text-align: justify;\">Este escudo fue adoptado por la Ley No. 37 de 21 de junio de 1980 despu\u00e9s de que fuera adoptado por la Asamblea del Pueblo el 17 de junio de 1980 y publicado en la Gaceta Oficial No. 26 de 1980.<\/p>\n<p><em><strong><span style=\"color: #0000ff;\">Equipo de redactores de la agencia SANA en espa\u00f1ol<\/span><\/strong><\/em><\/p>\n","protected":false},"excerpt":{"rendered":"<p>Damasco, SANA El escudo de la Rep\u00fablica \u00c1rabe Siria est\u00e1 compuesto por un halc\u00f3n dorado y porta sobre su pecho un escudo \u00e1rabe con los colores de la bandera nacional. Bajo el escudo figuran dos ramas de trigo que simbolizan la fertilidad y la vida. El halc\u00f3n sostiene con sus garras una cinta en la &hellip;<\/p>\n","protected":false},"author":35,"featured_media":168958,"comment_status":"closed","ping_status":"closed","sticky":false,"template":"","format":"standard","meta":{"footnotes":""},"categories":[18781],"tags":[],"class_list":["post-168953","post","type-post","status-publish","format-standard","has-post-thumbnail","","category-vistazos-sobre-siria"],"_links":{"self":[{"href":"https:\/\/archive.sana.sy\/es\/index.php?rest_route=\/wp\/v2\/posts\/168953"}],"collection":[{"href":"https:\/\/archive.sana.sy\/es\/index.php?rest_route=\/wp\/v2\/posts"}],"about":[{"href":"https:\/\/archive.sana.sy\/es\/index.php?rest_route=\/wp\/v2\/types\/post"}],"author":[{"embeddable":true,"href":"https:\/\/archive.sana.sy\/es\/index.php?rest_route=\/wp\/v2\/users\/35"}],"replies":[{"embeddable":true,"href":"https:\/\/archive.sana.sy\/es\/index.php?rest_route=%2Fwp%2Fv2%2Fcomments&post=168953"}],"version-history":[{"count":0,"href":"https:\/\/archive.sana.sy\/es\/index.php?rest_route=\/wp\/v2\/posts\/168953\/revisions"}],"wp:featuredmedia":[{"embeddable":true,"href":"https:\/\/archive.sana.sy\/es\/index.php?rest_route=\/wp\/v2\/media\/168958"}],"wp:attachment":[{"href":"https:\/\/archive.sana.sy\/es\/index.php?rest_route=%2Fwp%2Fv2%2Fmedia&parent=168953"}],"wp:term":[{"taxonomy":"category","embeddable":true,"href":"https:\/\/archive.sana.sy\/es\/index.php?rest_route=%2Fwp%2Fv2%2Fcategories&post=168953"},{"taxonomy":"post_tag","embeddable":true,"href":"https:\/\/archive.sana.sy\/es\/index.php?rest_route=%2Fwp%2Fv2%2Ftags&post=168953"}],"curies":[{"name":"wp","href":"https:\/\/api.w.org\/{rel}","templated":true}]}}