{"id":168967,"date":"2021-02-11T12:00:55","date_gmt":"2021-02-11T10:00:55","guid":{"rendered":"http:\/\/107.6.182.27\/es\/?p=168967"},"modified":"2022-10-14T15:29:37","modified_gmt":"2022-10-14T12:29:37","slug":"himno-nacional-de-la-republica-arabe-siria-los-guardianes-de-la-patria","status":"publish","type":"post","link":"https:\/\/archive.sana.sy\/es\/?p=168967","title":{"rendered":"Himno Nacional de la Rep\u00fablica \u00c1rabe Siria"},"content":{"rendered":"<p style=\"text-align: justify;\"><span style=\"color: #800000;\"><strong>Damasco, SANA<\/strong><\/span><\/p>\n<p style=\"text-align: justify;\">El Himno Nacional de Siria resume una historia de lucha del pasado y el presente, y destaca los valores de la Independencia y la valent\u00eda de los guardianes para defender la patria de cualquier enemigo como lo hicieron sus ancestros.<\/p>\n<p style=\"text-align: justify;\">El Himno es un poema titulado (Los guardianes de la Patria) del poeta sirio Khalil Mardam, nacido a finales del siglo XIX, y vivi\u00f3 las \u00e9pocas coloniales turca y francesa de Siria. Escribi\u00f3 muchos poemas patri\u00f3ticos sobre la lucha del pueblo sirio por la independencia.<\/p>\n<p style=\"text-align: justify;\">Fue cantado por primera vez durante un desfile militar del ej\u00e9rcito sirio en el a\u00f1o de la independencia de Siria en 1946.<\/p>\n<p style=\"text-align: justify;\"><strong>Letras del Himno Nacional de Siria<\/strong><\/p>\n<p style=\"text-align: justify;\">Defensores de la patria, con ustedes sea la paz<\/p>\n<p style=\"text-align: justify;\">reh\u00fasan someterse las almas honradas<\/p>\n<p style=\"text-align: justify;\">la gruta del arabismo es hogar sagrada<\/p>\n<p style=\"text-align: justify;\">el trono del sol es inviolable.<\/p>\n<p style=\"text-align: justify;\">Las rincones de Siria, son torres de alteza,<\/p>\n<p style=\"text-align: justify;\">se asemejan al cielo con eminente esplendor<\/p>\n<p style=\"text-align: justify;\">Un tierra florida con soles resplandecientes,<\/p>\n<p style=\"text-align: justify;\">es un cielo para tu vida o casi un para\u00edso.<\/p>\n<p style=\"text-align: justify;\">Brillante de esperanza y flota como el coraz\u00f3n<br \/>\nNuestra bandera nos junta en pa\u00eds unido<\/p>\n<p style=\"text-align: justify;\">\u00bfacaso no lleva el negro de cada ojo,<br \/>\ny la sangre de cada m\u00e1rtir su rojo?<\/p>\n<p style=\"text-align: justify;\">Esp\u00edritus orgullosos de un pasado glorioso<\/p>\n<p style=\"text-align: justify;\">las almas de los m\u00e1rtires son guardianes imparables<\/p>\n<p style=\"text-align: justify;\">Siendo de la estirpe de Al Walid y Al Rashid<\/p>\n<p style=\"text-align: justify;\">\u00bfPor qu\u00e9 no sentirnos vencedores y cantamos la victoria?<\/p>\n<p style=\"text-align: justify;\"><em><strong><span style=\"color: #0000ff;\">Equipo de redactores de la agencia SANA en espa\u00f1ol<\/span><\/strong><\/em><\/p>\n","protected":false},"excerpt":{"rendered":"<p>Damasco, SANA El Himno Nacional de Siria resume una historia de lucha del pasado y el presente, y destaca los valores de la Independencia y la valent\u00eda de los guardianes para defender la patria de cualquier enemigo como lo hicieron sus ancestros. El Himno es un poema titulado (Los guardianes de la Patria) del poeta &hellip;<\/p>\n","protected":false},"author":35,"featured_media":257248,"comment_status":"closed","ping_status":"closed","sticky":false,"template":"","format":"standard","meta":{"footnotes":""},"categories":[7541,18781],"tags":[],"class_list":["post-168967","post","type-post","status-publish","format-standard","has-post-thumbnail","","category-ultimas-noticias","category-vistazos-sobre-siria"],"_links":{"self":[{"href":"https:\/\/archive.sana.sy\/es\/index.php?rest_route=\/wp\/v2\/posts\/168967"}],"collection":[{"href":"https:\/\/archive.sana.sy\/es\/index.php?rest_route=\/wp\/v2\/posts"}],"about":[{"href":"https:\/\/archive.sana.sy\/es\/index.php?rest_route=\/wp\/v2\/types\/post"}],"author":[{"embeddable":true,"href":"https:\/\/archive.sana.sy\/es\/index.php?rest_route=\/wp\/v2\/users\/35"}],"replies":[{"embeddable":true,"href":"https:\/\/archive.sana.sy\/es\/index.php?rest_route=%2Fwp%2Fv2%2Fcomments&post=168967"}],"version-history":[{"count":0,"href":"https:\/\/archive.sana.sy\/es\/index.php?rest_route=\/wp\/v2\/posts\/168967\/revisions"}],"wp:featuredmedia":[{"embeddable":true,"href":"https:\/\/archive.sana.sy\/es\/index.php?rest_route=\/wp\/v2\/media\/257248"}],"wp:attachment":[{"href":"https:\/\/archive.sana.sy\/es\/index.php?rest_route=%2Fwp%2Fv2%2Fmedia&parent=168967"}],"wp:term":[{"taxonomy":"category","embeddable":true,"href":"https:\/\/archive.sana.sy\/es\/index.php?rest_route=%2Fwp%2Fv2%2Fcategories&post=168967"},{"taxonomy":"post_tag","embeddable":true,"href":"https:\/\/archive.sana.sy\/es\/index.php?rest_route=%2Fwp%2Fv2%2Ftags&post=168967"}],"curies":[{"name":"wp","href":"https:\/\/api.w.org\/{rel}","templated":true}]}}