{"id":169100,"date":"2021-02-11T12:47:04","date_gmt":"2021-02-11T10:47:04","guid":{"rendered":"http:\/\/107.6.182.27\/es\/?p=169100"},"modified":"2021-02-11T12:47:04","modified_gmt":"2021-02-11T10:47:04","slug":"alertan-sobre-planes-del-sionismo-para-penetrar-en-sociedades-arabes","status":"publish","type":"post","link":"https:\/\/archive.sana.sy\/es\/?p=169100","title":{"rendered":"Alertan sobre planes del sionismo para penetrar en sociedades \u00e1rabes"},"content":{"rendered":"<p style=\"text-align: justify;\"><strong><span style=\"color: #800000;\">Damasco, SANA<\/span><\/strong><\/p>\n<p style=\"text-align: justify;\">La Uni\u00f3n de Ulemas en los Pa\u00edses del Levante alert\u00f3 hoy contra lo que el sionismo y la masoner\u00eda promueven para penetrar en las sociedades \u00e1rabes e isl\u00e1micas a trav\u00e9s del llamado plan &#8220;Casa Abrah\u00e1mica&#8221; y mediante el &#8220;turismo econ\u00f3mico y religioso&#8221;.<\/p>\n<p style=\"text-align: justify;\">En un comunicado, la Federaci\u00f3n afirm\u00f3 que esos planes son rechazados desde el punto de vista legal, social y cultural, ya que apuntan a fragmentar las religiones, diluir los principios y violar las religiones.<\/p>\n<p style=\"text-align: justify;\">&#8220;El verdadero objetivo de todo esto es justificar la normalizaci\u00f3n entre los pa\u00edses \u00e1rabes y la entidad sionista, y mostrar a esa normalizaci\u00f3n como una manifestaci\u00f3n intelectual religiosa que difunde la paz en la regi\u00f3n&#8221;, precis\u00f3 la nota.<\/p>\n<p style=\"text-align: justify;\">La Uni\u00f3n destac\u00f3 que la humanidad enfrenta hoy en d\u00eda a un enga\u00f1o sionista malicioso para &#8220;secuestrar las religiones y los principios en preparaci\u00f3n para dominar al mundo&#8221;.<\/p>\n<p style=\"text-align: justify;\">Reafirm\u00f3 que este plan no pasar\u00e1 y hay que estar atentos para impedir que algunos individuos y sociedades caigan en estos delirios y plagas.<\/p>\n<p style=\"text-align: justify;\"><span style=\"color: #0000ff;\"><strong>fm\/ws<\/strong><\/span><\/p>\n","protected":false},"excerpt":{"rendered":"<p>Damasco, SANA La Uni\u00f3n de Ulemas en los Pa\u00edses del Levante alert\u00f3 hoy contra lo que el sionismo y la masoner\u00eda promueven para penetrar en las sociedades \u00e1rabes e isl\u00e1micas a trav\u00e9s del llamado plan &#8220;Casa Abrah\u00e1mica&#8221; y mediante el &#8220;turismo econ\u00f3mico y religioso&#8221;. En un comunicado, la Federaci\u00f3n afirm\u00f3 que esos planes son rechazados &hellip;<\/p>\n","protected":false},"author":35,"featured_media":169101,"comment_status":"closed","ping_status":"closed","sticky":false,"template":"","format":"standard","meta":{"footnotes":""},"categories":[597,476,7541],"tags":[],"class_list":["post-169100","post","type-post","status-publish","format-standard","has-post-thumbnail","","category-cinta-de-noticias","category-locales","category-ultimas-noticias"],"_links":{"self":[{"href":"https:\/\/archive.sana.sy\/es\/index.php?rest_route=\/wp\/v2\/posts\/169100"}],"collection":[{"href":"https:\/\/archive.sana.sy\/es\/index.php?rest_route=\/wp\/v2\/posts"}],"about":[{"href":"https:\/\/archive.sana.sy\/es\/index.php?rest_route=\/wp\/v2\/types\/post"}],"author":[{"embeddable":true,"href":"https:\/\/archive.sana.sy\/es\/index.php?rest_route=\/wp\/v2\/users\/35"}],"replies":[{"embeddable":true,"href":"https:\/\/archive.sana.sy\/es\/index.php?rest_route=%2Fwp%2Fv2%2Fcomments&post=169100"}],"version-history":[{"count":0,"href":"https:\/\/archive.sana.sy\/es\/index.php?rest_route=\/wp\/v2\/posts\/169100\/revisions"}],"wp:featuredmedia":[{"embeddable":true,"href":"https:\/\/archive.sana.sy\/es\/index.php?rest_route=\/wp\/v2\/media\/169101"}],"wp:attachment":[{"href":"https:\/\/archive.sana.sy\/es\/index.php?rest_route=%2Fwp%2Fv2%2Fmedia&parent=169100"}],"wp:term":[{"taxonomy":"category","embeddable":true,"href":"https:\/\/archive.sana.sy\/es\/index.php?rest_route=%2Fwp%2Fv2%2Fcategories&post=169100"},{"taxonomy":"post_tag","embeddable":true,"href":"https:\/\/archive.sana.sy\/es\/index.php?rest_route=%2Fwp%2Fv2%2Ftags&post=169100"}],"curies":[{"name":"wp","href":"https:\/\/api.w.org\/{rel}","templated":true}]}}