{"id":16917,"date":"2015-01-27T21:38:30","date_gmt":"2015-01-27T19:38:30","guid":{"rendered":"http:\/\/www.sana.sy\/es\/?p=16917"},"modified":"2015-01-27T22:30:33","modified_gmt":"2015-01-27T20:30:33","slug":"el-numero-de-extranjeros-en-las-filas-de-las-organizaciones-terroristas-en-siria-e-irak-llego-a-las-20-mil-personas","status":"publish","type":"post","link":"https:\/\/archive.sana.sy\/es\/?p=16917","title":{"rendered":"El n\u00famero de extranjeros en las filas de las organizaciones terroristas en Siria e Irak lleg\u00f3 a 20 mil"},"content":{"rendered":"<p style=\"text-align: justify\"><span style=\"color: #800000\">Washington, SANA<\/span><\/p>\n<p style=\"text-align: justify\">El Centro Internacional para el Estudio de la Radicalizaci\u00f3n y la Violencia Pol\u00edtica ha confirmado que el n\u00famero de extranjeros que se unieron a las filas de las organizaciones terroristas, incluyendo la del Estado isl\u00e1mico (DAESH) en Siria e Irak lleg\u00f3 a m\u00e1s de 20 mil personas.<\/p>\n<p style=\"text-align: justify\">Un Informe del Consejo de Seguridad de la ONU en octubre del a\u00f1o pasado mostr\u00f3 que los terroristas extranjeros que vienen a Siria e Iraq en una escala sin precedentes, suman unos 15.000 combatientes extranjeros que se han unido a las filas de DAESH y otras organizaciones extremistas.<\/p>\n<p style=\"text-align: justify\">Las agencias de inteligencia estadounidenses creen que el n\u00famero de los terroristas en estas organizaciones no supera los 31 000 militantes.<\/p>\n<p style=\"text-align: justify\">El Centro Internacional para el Estudio de la radicalizaci\u00f3n y la violencia pol\u00edtica destac\u00f3 que entre el 5 y el 10% de ellos muri\u00f3, y el 10 al 30% regres\u00f3 a su tierra natal.<\/p>\n<p style=\"text-align: justify\">Seg\u00fan el centro, 1200 ciudadanos de Francia, cerca de 600 del Reino Unido y Alemania se han unido a los grupos terroristas en Siria e Irak, mientras que B\u00e9lgica encabeza la lista de pa\u00edses europeos, que en cada mill\u00f3n de ciudadanos belgas unos 40 est\u00e1n conectados a las organizaciones terroristas.<\/p>\n<p style=\"text-align: justify\">Cabe se\u00f1alar que las personas responsables de los servicios de seguridad e inteligencia de los pa\u00edses occidentales expresaron su preocupaci\u00f3n por el regreso de los terroristas que estuvieron Siria para luchar al lado de las organizaciones terroristas; ahora, ellos, representan una amenaza para sus pa\u00edses, ya que tienen una gran experiencia combativa, y de llevar a cabo operaciones terroristas y est\u00e1n impregnados de ideas extremistas.<\/p>\n<p>&nbsp;<\/p>\n<p style=\"text-align: justify\"><span style=\"color: #0000ff\">Ghifar Al Ali &amp; Riyad Sh.<br \/>\n<\/span><\/p>\n","protected":false},"excerpt":{"rendered":"<p>Washington, SANA El Centro Internacional para el Estudio de la Radicalizaci\u00f3n y la Violencia Pol\u00edtica ha confirmado que el n\u00famero de extranjeros que se unieron a las filas de las organizaciones terroristas, incluyendo la del Estado isl\u00e1mico (DAESH) en Siria e Irak lleg\u00f3 a m\u00e1s de 20 mil personas. Un Informe del Consejo de Seguridad &hellip;<\/p>\n","protected":false},"author":1,"featured_media":16918,"comment_status":"closed","ping_status":"closed","sticky":false,"template":"","format":"standard","meta":{"footnotes":""},"categories":[597,456,457,576],"tags":[3827],"class_list":["post-16917","post","type-post","status-publish","format-standard","has-post-thumbnail","","category-cinta-de-noticias","category-arabe-internacional-politica","category-noticias-arabe-internacional-politica","category-noticias-politicas","tag-el-numero-de-extranjeros-en-las-filas-de-las-organizaciones-terroristas-en-siria-e-irak-llego-a-20-mil"],"_links":{"self":[{"href":"https:\/\/archive.sana.sy\/es\/index.php?rest_route=\/wp\/v2\/posts\/16917"}],"collection":[{"href":"https:\/\/archive.sana.sy\/es\/index.php?rest_route=\/wp\/v2\/posts"}],"about":[{"href":"https:\/\/archive.sana.sy\/es\/index.php?rest_route=\/wp\/v2\/types\/post"}],"author":[{"embeddable":true,"href":"https:\/\/archive.sana.sy\/es\/index.php?rest_route=\/wp\/v2\/users\/1"}],"replies":[{"embeddable":true,"href":"https:\/\/archive.sana.sy\/es\/index.php?rest_route=%2Fwp%2Fv2%2Fcomments&post=16917"}],"version-history":[{"count":0,"href":"https:\/\/archive.sana.sy\/es\/index.php?rest_route=\/wp\/v2\/posts\/16917\/revisions"}],"wp:featuredmedia":[{"embeddable":true,"href":"https:\/\/archive.sana.sy\/es\/index.php?rest_route=\/wp\/v2\/media\/16918"}],"wp:attachment":[{"href":"https:\/\/archive.sana.sy\/es\/index.php?rest_route=%2Fwp%2Fv2%2Fmedia&parent=16917"}],"wp:term":[{"taxonomy":"category","embeddable":true,"href":"https:\/\/archive.sana.sy\/es\/index.php?rest_route=%2Fwp%2Fv2%2Fcategories&post=16917"},{"taxonomy":"post_tag","embeddable":true,"href":"https:\/\/archive.sana.sy\/es\/index.php?rest_route=%2Fwp%2Fv2%2Ftags&post=16917"}],"curies":[{"name":"wp","href":"https:\/\/api.w.org\/{rel}","templated":true}]}}