{"id":169328,"date":"2021-02-14T17:28:59","date_gmt":"2021-02-14T15:28:59","guid":{"rendered":"http:\/\/107.6.182.27\/es\/?p=169328"},"modified":"2021-02-14T17:31:23","modified_gmt":"2021-02-14T15:31:23","slug":"el-golan-sirio-ocupado-conmemora-39-aniversario-de-la-huelga-contra-la-anexion-sionista-fotos","status":"publish","type":"post","link":"https:\/\/archive.sana.sy\/es\/?p=169328","title":{"rendered":"El Gol\u00e1n sirio ocupado conmemora 39 aniversario de la huelga contra la anexi\u00f3n sionista (+fotos)"},"content":{"rendered":"<p style=\"text-align: justify;\"><span style=\"color: #800000;\"><strong>Quneitra, SANA<\/strong><\/span><\/p>\n<p style=\"text-align: justify;\">Los pobladores del ocupado Gol\u00e1n \u00e1rabe sirio se congregaron hoy en Majdal Shams, el mayor poblado ocupado por Israel, para conmemorar el 39 aniversario de su huelga contra la decisi\u00f3n de anexi\u00f3n del ocupante sionista.<\/p>\n<p style=\"text-align: justify;\">Los congregados ratificaron su identidad \u00e1rabe siria y su en\u00e9rgico y absoluto rechazo a la ocupaci\u00f3n.<\/p>\n<p style=\"text-align: justify;\">Frente a la localidad de Majdal Shams, y en el sitio de Ain Attinah, ciudadanos de la provincia siria de Quneitra se congregaron para saludar a sus compatriotas en el lado ocupado.<\/p>\n<p style=\"text-align: justify;\">Ratificaron tambi\u00e9n la voluntad de seguir la lucha hasta la liberaci\u00f3n de todo el Gol\u00e1n.<\/p>\n<p style=\"text-align: justify;\">La huelga anunciada el 14 de febrero de 1982 fue una expresi\u00f3n de resistencia a la nefasta decisi\u00f3n del ocupante israel\u00ed emitida el 14 de diciembre de 1981 de anexar el Gol\u00e1n e imponer las leyes israel\u00edes sobre el mismo.<\/p>\n<p style=\"text-align: justify;\">La huelga comenz\u00f3 con el lema: \u201cPreferimos morir y no aceptar la identidad sionista\u201d y los golaneses afirmaron el apego a su identidad nacional y a la lucha contra las medidas arbitrarias de la ocupaci\u00f3n hasta la liberaci\u00f3n del Gol\u00e1n y su retorno a la patria de Siria.<\/p>\n<p style=\"text-align: justify;\">La lucha del pueblo en el Gol\u00e1n sirio ocupado contra la ocupaci\u00f3n israel\u00ed y sus planes y decisiones racistas comenz\u00f3 desde el primer d\u00eda de la ocupaci\u00f3n del suelo del Gol\u00e1n en 1967. El anuncio de la huelga hace 39 a\u00f1os fue uno de los eventos m\u00e1s destacados de lucha.<\/p>\n<p style=\"text-align: justify;\">Cabe resaltar que el 14 de diciembre de 1981 el Knesset israel\u00ed aprob\u00f3 la llamada \u201cLey del Gol\u00e1n\u201d que lo anexiona, pues en base de esa ley ha sido \u201cimpuesta la ley, jurisdicci\u00f3n y administraci\u00f3n israel\u00edes sobre el Gol\u00e1n\u201d, sin embargo el Consejo de Seguridad Internacional reaccion\u00f3 r\u00e1pidamente a la medida israel\u00ed y adopt\u00f3 la resoluci\u00f3n 497 fechada en el 17 de diciembre de 1981 que considera la decisi\u00f3n israel\u00ed de anexarse el Gol\u00e1n nula y sin efecto jur\u00eddico alguno a nivel internacional.<\/p>\n<p style=\"text-align: justify;\">El Consejo exigi\u00f3 anular la decisi\u00f3n de inmediato. Igualmente han sido emitidas decenas de resoluciones por parte de la Asamblea General y el Consejo de Derechos Humanos, las cuales confirman la nulidad de la decisi\u00f3n de anexi\u00f3n del Gol\u00e1n y exigen a Israel poner fin a su ocupaci\u00f3n, no obstante Israel como de costumbre no acat\u00f3 ninguna de aquellas resoluciones como ha cumplido con ninguna otra resoluci\u00f3n relacionada con el conflicto \u00e1rabe-israel\u00ed debido a la protecci\u00f3n de algunas potencias a Israel contrariamente al derecho internacional humanitario y la Carta de las Naciones Unidas.<\/p>\n<p style=\"text-align: justify;\"><strong><span style=\"color: #0000ff;\">fm\/ed<\/span><\/strong><\/p>\n<div id='gallery-1' class='gallery galleryid-169328 gallery-columns-1 gallery-size-full'><figure class='gallery-item'>\n\t\t\t<div class='gallery-icon landscape'>\n\t\t\t\t<a href='https:\/\/archive.sana.sy\/es\/wp-content\/uploads\/2021\/02\/golan-12.jpg'><img loading=\"lazy\" decoding=\"async\" width=\"660\" height=\"470\" src=\"https:\/\/archive.sana.sy\/es\/wp-content\/uploads\/2021\/02\/golan-12.jpg\" class=\"attachment-full size-full\" alt=\"\" srcset=\"https:\/\/archive.sana.sy\/es\/wp-content\/uploads\/2021\/02\/golan-12.jpg 660w, https:\/\/archive.sana.sy\/es\/wp-content\/uploads\/2021\/02\/golan-12-300x214.jpg 300w, https:\/\/archive.sana.sy\/es\/wp-content\/uploads\/2021\/02\/golan-12-150x107.jpg 150w\" sizes=\"(max-width: 660px) 100vw, 660px\" \/><\/a>\n\t\t\t<\/div><\/figure><figure class='gallery-item'>\n\t\t\t<div class='gallery-icon landscape'>\n\t\t\t\t<a href='https:\/\/archive.sana.sy\/es\/wp-content\/uploads\/2021\/02\/golan-11.jpg'><img loading=\"lazy\" decoding=\"async\" width=\"660\" height=\"441\" src=\"https:\/\/archive.sana.sy\/es\/wp-content\/uploads\/2021\/02\/golan-11.jpg\" class=\"attachment-full size-full\" alt=\"\" srcset=\"https:\/\/archive.sana.sy\/es\/wp-content\/uploads\/2021\/02\/golan-11.jpg 660w, https:\/\/archive.sana.sy\/es\/wp-content\/uploads\/2021\/02\/golan-11-300x200.jpg 300w, https:\/\/archive.sana.sy\/es\/wp-content\/uploads\/2021\/02\/golan-11-150x100.jpg 150w, https:\/\/archive.sana.sy\/es\/wp-content\/uploads\/2021\/02\/golan-11-110x75.jpg 110w\" sizes=\"(max-width: 660px) 100vw, 660px\" \/><\/a>\n\t\t\t<\/div><\/figure><figure class='gallery-item'>\n\t\t\t<div class='gallery-icon landscape'>\n\t\t\t\t<a href='https:\/\/archive.sana.sy\/es\/wp-content\/uploads\/2021\/02\/golan14.jpg'><img loading=\"lazy\" decoding=\"async\" width=\"660\" height=\"494\" src=\"https:\/\/archive.sana.sy\/es\/wp-content\/uploads\/2021\/02\/golan14.jpg\" class=\"attachment-full size-full\" alt=\"\" srcset=\"https:\/\/archive.sana.sy\/es\/wp-content\/uploads\/2021\/02\/golan14.jpg 660w, https:\/\/archive.sana.sy\/es\/wp-content\/uploads\/2021\/02\/golan14-300x225.jpg 300w, https:\/\/archive.sana.sy\/es\/wp-content\/uploads\/2021\/02\/golan14-150x112.jpg 150w\" sizes=\"(max-width: 660px) 100vw, 660px\" \/><\/a>\n\t\t\t<\/div><\/figure>\n\t\t<\/div>\n\n","protected":false},"excerpt":{"rendered":"<p>Quneitra, SANA Los pobladores del ocupado Gol\u00e1n \u00e1rabe sirio se congregaron hoy en Majdal Shams, el mayor poblado ocupado por Israel, para conmemorar el 39 aniversario de su huelga contra la decisi\u00f3n de anexi\u00f3n del ocupante sionista. Los congregados ratificaron su identidad \u00e1rabe siria y su en\u00e9rgico y absoluto rechazo a la ocupaci\u00f3n. Frente a &hellip;<\/p>\n","protected":false},"author":32,"featured_media":169329,"comment_status":"closed","ping_status":"closed","sticky":false,"template":"","format":"standard","meta":{"footnotes":""},"categories":[597,476,7541],"tags":[],"class_list":["post-169328","post","type-post","status-publish","format-standard","has-post-thumbnail","","category-cinta-de-noticias","category-locales","category-ultimas-noticias"],"_links":{"self":[{"href":"https:\/\/archive.sana.sy\/es\/index.php?rest_route=\/wp\/v2\/posts\/169328"}],"collection":[{"href":"https:\/\/archive.sana.sy\/es\/index.php?rest_route=\/wp\/v2\/posts"}],"about":[{"href":"https:\/\/archive.sana.sy\/es\/index.php?rest_route=\/wp\/v2\/types\/post"}],"author":[{"embeddable":true,"href":"https:\/\/archive.sana.sy\/es\/index.php?rest_route=\/wp\/v2\/users\/32"}],"replies":[{"embeddable":true,"href":"https:\/\/archive.sana.sy\/es\/index.php?rest_route=%2Fwp%2Fv2%2Fcomments&post=169328"}],"version-history":[{"count":0,"href":"https:\/\/archive.sana.sy\/es\/index.php?rest_route=\/wp\/v2\/posts\/169328\/revisions"}],"wp:featuredmedia":[{"embeddable":true,"href":"https:\/\/archive.sana.sy\/es\/index.php?rest_route=\/wp\/v2\/media\/169329"}],"wp:attachment":[{"href":"https:\/\/archive.sana.sy\/es\/index.php?rest_route=%2Fwp%2Fv2%2Fmedia&parent=169328"}],"wp:term":[{"taxonomy":"category","embeddable":true,"href":"https:\/\/archive.sana.sy\/es\/index.php?rest_route=%2Fwp%2Fv2%2Fcategories&post=169328"},{"taxonomy":"post_tag","embeddable":true,"href":"https:\/\/archive.sana.sy\/es\/index.php?rest_route=%2Fwp%2Fv2%2Ftags&post=169328"}],"curies":[{"name":"wp","href":"https:\/\/api.w.org\/{rel}","templated":true}]}}