{"id":169335,"date":"2021-02-14T17:27:51","date_gmt":"2021-02-14T15:27:51","guid":{"rendered":"http:\/\/107.6.182.27\/es\/?p=169335"},"modified":"2021-02-14T21:22:42","modified_gmt":"2021-02-14T19:22:42","slug":"marchas-en-hasakeh-y-qamishli-en-apoyo-a-elecciones-presidenciales-y-a-integridad-del-suelo-sirio","status":"publish","type":"post","link":"https:\/\/archive.sana.sy\/es\/?p=169335","title":{"rendered":"Marchas en Hasakeh y Qamishli en apoyo a elecciones presidenciales y a integridad del suelo sirio"},"content":{"rendered":"<p style=\"text-align: justify;\"><span style=\"color: #800000;\"><strong>Hasakeh, SANA<\/strong><\/span><\/p>\n<p style=\"text-align: justify;\">Los actores populares y civiles en las ciudades de Hassakeh y Qamishli llevaron a cabo dos concentraciones nacionales en apoyo a l las elecciones presidenciales y la integridad del territorio sirio, as\u00ed como para expresar la fe en las constantes nacionales y rechazar las ocupaciones norteamericana y turca y, sus milicias clientelistas.<\/p>\n<p style=\"text-align: justify;\">Los participantes en la concentraci\u00f3n de Hassakeh dijeron en una nota que los hijos de la provincia unidos por la lealtad a la patria se posicionan detr\u00e1s del liderazgo del presidente Bashar al-Assad hasta el derrocamiento de los planes de la alianza sio-estadounidense y de la ocupaci\u00f3n turca.<\/p>\n<p style=\"text-align: justify;\">El arzobispo del \u00c9ufrates para los siriaco-ortodoxos, Mar Morris Amsij, afirm\u00f3 que juntos construiremos Siria y pronto anunciaremos la victoria despu\u00e9s de libertar nuestra tierras de la ocupaci\u00f3n y el terror.<\/p>\n<p style=\"text-align: justify;\">Por su parte el Mufti de Hassakeh, Dr, Abdul Hamid al-Kandaj se\u00f1al\u00f3 que los hassake\u00f1os ratifican su lealtad aferrados a la unidad del suelo sirio y a la fraternidad ciudadana y, manifiestan su apoyo a la elecci\u00f3n presidencial.<\/p>\n<p style=\"text-align: justify;\">El jefe del Consejo de Jeques de Tribus y Clanes, Mezer al-Meslett, dijo &#8220;anunciamos el apoyo al lineamiento del presidente Assad quien derroc\u00f3 el complot de la guerra mercenaria\u2026&#8221;.<\/p>\n<p style=\"text-align: justify;\"><strong><span style=\"color: #0000ff;\">fm\/rsh\/ed<\/span><\/strong><\/p>\n<div id='gallery-1' class='gallery galleryid-169335 gallery-columns-1 gallery-size-full'><figure class='gallery-item'>\n\t\t\t<div class='gallery-icon landscape'>\n\t\t\t\t<a href='https:\/\/archive.sana.sy\/es\/wp-content\/uploads\/2021\/02\/1.jpg'><img loading=\"lazy\" decoding=\"async\" width=\"660\" height=\"398\" src=\"https:\/\/archive.sana.sy\/es\/wp-content\/uploads\/2021\/02\/1.jpg\" class=\"attachment-full size-full\" alt=\"\" srcset=\"https:\/\/archive.sana.sy\/es\/wp-content\/uploads\/2021\/02\/1.jpg 660w, https:\/\/archive.sana.sy\/es\/wp-content\/uploads\/2021\/02\/1-300x181.jpg 300w, https:\/\/archive.sana.sy\/es\/wp-content\/uploads\/2021\/02\/1-150x90.jpg 150w\" sizes=\"(max-width: 660px) 100vw, 660px\" \/><\/a>\n\t\t\t<\/div><\/figure><figure class='gallery-item'>\n\t\t\t<div class='gallery-icon landscape'>\n\t\t\t\t<a href='https:\/\/archive.sana.sy\/es\/wp-content\/uploads\/2021\/02\/4-2.jpg'><img loading=\"lazy\" decoding=\"async\" width=\"660\" height=\"371\" src=\"https:\/\/archive.sana.sy\/es\/wp-content\/uploads\/2021\/02\/4-2.jpg\" class=\"attachment-full size-full\" alt=\"\" srcset=\"https:\/\/archive.sana.sy\/es\/wp-content\/uploads\/2021\/02\/4-2.jpg 660w, https:\/\/archive.sana.sy\/es\/wp-content\/uploads\/2021\/02\/4-2-300x169.jpg 300w, https:\/\/archive.sana.sy\/es\/wp-content\/uploads\/2021\/02\/4-2-150x84.jpg 150w\" sizes=\"(max-width: 660px) 100vw, 660px\" \/><\/a>\n\t\t\t<\/div><\/figure><figure class='gallery-item'>\n\t\t\t<div class='gallery-icon landscape'>\n\t\t\t\t<a href='https:\/\/archive.sana.sy\/es\/wp-content\/uploads\/2021\/02\/5-1.jpg'><img loading=\"lazy\" decoding=\"async\" width=\"660\" height=\"387\" src=\"https:\/\/archive.sana.sy\/es\/wp-content\/uploads\/2021\/02\/5-1.jpg\" class=\"attachment-full size-full\" alt=\"\" srcset=\"https:\/\/archive.sana.sy\/es\/wp-content\/uploads\/2021\/02\/5-1.jpg 660w, https:\/\/archive.sana.sy\/es\/wp-content\/uploads\/2021\/02\/5-1-300x176.jpg 300w, https:\/\/archive.sana.sy\/es\/wp-content\/uploads\/2021\/02\/5-1-150x88.jpg 150w\" sizes=\"(max-width: 660px) 100vw, 660px\" \/><\/a>\n\t\t\t<\/div><\/figure><figure class='gallery-item'>\n\t\t\t<div class='gallery-icon landscape'>\n\t\t\t\t<a href='https:\/\/archive.sana.sy\/es\/wp-content\/uploads\/2021\/02\/22-1.jpg'><img loading=\"lazy\" decoding=\"async\" width=\"660\" height=\"371\" src=\"https:\/\/archive.sana.sy\/es\/wp-content\/uploads\/2021\/02\/22-1.jpg\" class=\"attachment-full size-full\" alt=\"\" srcset=\"https:\/\/archive.sana.sy\/es\/wp-content\/uploads\/2021\/02\/22-1.jpg 660w, https:\/\/archive.sana.sy\/es\/wp-content\/uploads\/2021\/02\/22-1-300x169.jpg 300w, https:\/\/archive.sana.sy\/es\/wp-content\/uploads\/2021\/02\/22-1-150x84.jpg 150w\" sizes=\"(max-width: 660px) 100vw, 660px\" \/><\/a>\n\t\t\t<\/div><\/figure><figure class='gallery-item'>\n\t\t\t<div class='gallery-icon landscape'>\n\t\t\t\t<a href='https:\/\/archive.sana.sy\/es\/wp-content\/uploads\/2021\/02\/333.jpg'><img loading=\"lazy\" decoding=\"async\" width=\"660\" height=\"371\" src=\"https:\/\/archive.sana.sy\/es\/wp-content\/uploads\/2021\/02\/333.jpg\" class=\"attachment-full size-full\" alt=\"\" srcset=\"https:\/\/archive.sana.sy\/es\/wp-content\/uploads\/2021\/02\/333.jpg 660w, https:\/\/archive.sana.sy\/es\/wp-content\/uploads\/2021\/02\/333-300x169.jpg 300w, https:\/\/archive.sana.sy\/es\/wp-content\/uploads\/2021\/02\/333-150x84.jpg 150w\" sizes=\"(max-width: 660px) 100vw, 660px\" \/><\/a>\n\t\t\t<\/div><\/figure>\n\t\t<\/div>\n\n<p style=\"text-align: justify;\">\n","protected":false},"excerpt":{"rendered":"<p>Hasakeh, SANA Los actores populares y civiles en las ciudades de Hassakeh y Qamishli llevaron a cabo dos concentraciones nacionales en apoyo a l las elecciones presidenciales y la integridad del territorio sirio, as\u00ed como para expresar la fe en las constantes nacionales y rechazar las ocupaciones norteamericana y turca y, sus milicias clientelistas. Los &hellip;<\/p>\n","protected":false},"author":32,"featured_media":169341,"comment_status":"closed","ping_status":"closed","sticky":false,"template":"","format":"standard","meta":{"footnotes":""},"categories":[597,476,7541,1],"tags":[],"class_list":["post-169335","post","type-post","status-publish","format-standard","has-post-thumbnail","","category-cinta-de-noticias","category-locales","category-ultimas-noticias","category-news-not-sorted"],"_links":{"self":[{"href":"https:\/\/archive.sana.sy\/es\/index.php?rest_route=\/wp\/v2\/posts\/169335"}],"collection":[{"href":"https:\/\/archive.sana.sy\/es\/index.php?rest_route=\/wp\/v2\/posts"}],"about":[{"href":"https:\/\/archive.sana.sy\/es\/index.php?rest_route=\/wp\/v2\/types\/post"}],"author":[{"embeddable":true,"href":"https:\/\/archive.sana.sy\/es\/index.php?rest_route=\/wp\/v2\/users\/32"}],"replies":[{"embeddable":true,"href":"https:\/\/archive.sana.sy\/es\/index.php?rest_route=%2Fwp%2Fv2%2Fcomments&post=169335"}],"version-history":[{"count":0,"href":"https:\/\/archive.sana.sy\/es\/index.php?rest_route=\/wp\/v2\/posts\/169335\/revisions"}],"wp:featuredmedia":[{"embeddable":true,"href":"https:\/\/archive.sana.sy\/es\/index.php?rest_route=\/wp\/v2\/media\/169341"}],"wp:attachment":[{"href":"https:\/\/archive.sana.sy\/es\/index.php?rest_route=%2Fwp%2Fv2%2Fmedia&parent=169335"}],"wp:term":[{"taxonomy":"category","embeddable":true,"href":"https:\/\/archive.sana.sy\/es\/index.php?rest_route=%2Fwp%2Fv2%2Fcategories&post=169335"},{"taxonomy":"post_tag","embeddable":true,"href":"https:\/\/archive.sana.sy\/es\/index.php?rest_route=%2Fwp%2Fv2%2Ftags&post=169335"}],"curies":[{"name":"wp","href":"https:\/\/api.w.org\/{rel}","templated":true}]}}