{"id":169353,"date":"2021-02-14T15:44:35","date_gmt":"2021-02-14T13:44:35","guid":{"rendered":"http:\/\/107.6.182.27\/es\/?p=169353"},"modified":"2023-01-10T15:14:29","modified_gmt":"2023-01-10T13:14:29","slug":"produccion-de-alepo-se-destaca-en-la-feria-made-in-syria","status":"publish","type":"post","link":"https:\/\/archive.sana.sy\/es\/?p=169353","title":{"rendered":"Producci\u00f3n de Alepo se destaca en la feria &#8220;Made in Syria&#8221;"},"content":{"rendered":"<p style=\"text-align: justify;\"><strong><span style=\"color: #800000;\">Damasco, SANA<\/span><\/strong><\/p>\n<p style=\"text-align: justify;\">Los plantas de Alepo han vuelto a la producci\u00f3n a pesar de los desaf\u00edos, y esto ha sido evidente a trav\u00e9s de los productos alepinos exhibidos en la feria &#8220;Made in Syria, especializada en ropas y telas para la exportaci\u00f3n.<\/p>\n<p style=\"text-align: justify;\">La exposici\u00f3n se llev\u00f3 a cabo en el recinto ferial de Damasco, donde se exhibieron los mejores productos de las f\u00e1bricas y talleres de Alepo.<\/p>\n<p style=\"text-align: justify;\">Rami al-Ibrahim, due\u00f1o de una planta de moda femenina en Alepo, dijo al reportero de SANA, que sus productos se dirigen principalmente a los mercados \u00e1rabes, en particular a Irak, adem\u00e1s de contactar con los expatriados para promover los productos en los mercados europeos y devolver los productos sirios a los mercados sudamericanos.<\/p>\n<p style=\"text-align: justify;\">Agreg\u00f3 que las dificultades que enfrentan consisten en la obtenci\u00f3n de materias primas, inestabilidad de los precios y el injusto bloqueo impuesto por los pa\u00edses occidentales a Siria, adem\u00e1s de obst\u00e1culos en la esfera del cargamento, en particular a los pa\u00edses europeos.<\/p>\n<p style=\"text-align: justify;\">Faisal Khalifa, un industrial de la ciudad de Alepo, dijo que el 80 por ciento de sus productos est\u00e1n destinados a la exportaci\u00f3n, ya que las telas sirias tienen muchos clientes en los mercados de Iraq y Libia debido a su alta calidad.<\/p>\n<p style=\"text-align: justify;\"><strong><span style=\"color: #0000ff;\">ed\/fm<\/span><\/strong><\/p>\n","protected":false},"excerpt":{"rendered":"<p>Damasco, SANA Los plantas de Alepo han vuelto a la producci\u00f3n a pesar de los desaf\u00edos, y esto ha sido evidente a trav\u00e9s de los productos alepinos exhibidos en la feria &#8220;Made in Syria, especializada en ropas y telas para la exportaci\u00f3n. La exposici\u00f3n se llev\u00f3 a cabo en el recinto ferial de Damasco, donde &hellip;<\/p>\n","protected":false},"author":32,"featured_media":169354,"comment_status":"closed","ping_status":"closed","sticky":false,"template":"","format":"standard","meta":{"footnotes":""},"categories":[597,485,7541],"tags":[],"class_list":["post-169353","post","type-post","status-publish","format-standard","has-post-thumbnail","","category-cinta-de-noticias","category-informes-negocios-y-finanzas","category-ultimas-noticias"],"_links":{"self":[{"href":"https:\/\/archive.sana.sy\/es\/index.php?rest_route=\/wp\/v2\/posts\/169353"}],"collection":[{"href":"https:\/\/archive.sana.sy\/es\/index.php?rest_route=\/wp\/v2\/posts"}],"about":[{"href":"https:\/\/archive.sana.sy\/es\/index.php?rest_route=\/wp\/v2\/types\/post"}],"author":[{"embeddable":true,"href":"https:\/\/archive.sana.sy\/es\/index.php?rest_route=\/wp\/v2\/users\/32"}],"replies":[{"embeddable":true,"href":"https:\/\/archive.sana.sy\/es\/index.php?rest_route=%2Fwp%2Fv2%2Fcomments&post=169353"}],"version-history":[{"count":0,"href":"https:\/\/archive.sana.sy\/es\/index.php?rest_route=\/wp\/v2\/posts\/169353\/revisions"}],"wp:featuredmedia":[{"embeddable":true,"href":"https:\/\/archive.sana.sy\/es\/index.php?rest_route=\/wp\/v2\/media\/169354"}],"wp:attachment":[{"href":"https:\/\/archive.sana.sy\/es\/index.php?rest_route=%2Fwp%2Fv2%2Fmedia&parent=169353"}],"wp:term":[{"taxonomy":"category","embeddable":true,"href":"https:\/\/archive.sana.sy\/es\/index.php?rest_route=%2Fwp%2Fv2%2Fcategories&post=169353"},{"taxonomy":"post_tag","embeddable":true,"href":"https:\/\/archive.sana.sy\/es\/index.php?rest_route=%2Fwp%2Fv2%2Ftags&post=169353"}],"curies":[{"name":"wp","href":"https:\/\/api.w.org\/{rel}","templated":true}]}}