{"id":169727,"date":"2021-02-17T13:13:09","date_gmt":"2021-02-17T11:13:09","guid":{"rendered":"http:\/\/107.6.182.27\/es\/?p=169727"},"modified":"2021-02-17T13:13:09","modified_gmt":"2021-02-17T11:13:09","slug":"declaracion-final-de-la-15a-reunion-internacional-en-formula-de-astana-sobre-siria-insta-a-la-comunidad-internacional-para-que-proporcione-ayuda-humanitaria-a-los-necesitados-sin-discriminacion-polit","status":"publish","type":"post","link":"https:\/\/archive.sana.sy\/es\/?p=169727","title":{"rendered":"Declaraci\u00f3n final de la 15\u00aa Reuni\u00f3n Internacional en F\u00f3rmula de Astan\u00e1 sobre Siria insta a la comunidad internacional para que proporcione ayuda humanitaria a los necesitados sin discriminaci\u00f3n, politizaci\u00f3n o condiciones previas, y que contribuya al proceso de reconstrucci\u00f3n de Siria."},"content":{"rendered":"","protected":false},"excerpt":{"rendered":"","protected":false},"author":35,"featured_media":0,"comment_status":"closed","ping_status":"closed","sticky":false,"template":"","format":"standard","meta":{"footnotes":""},"categories":[596],"tags":[],"class_list":["post-169727","post","type-post","status-publish","format-standard","","category-urgente"],"_links":{"self":[{"href":"https:\/\/archive.sana.sy\/es\/index.php?rest_route=\/wp\/v2\/posts\/169727"}],"collection":[{"href":"https:\/\/archive.sana.sy\/es\/index.php?rest_route=\/wp\/v2\/posts"}],"about":[{"href":"https:\/\/archive.sana.sy\/es\/index.php?rest_route=\/wp\/v2\/types\/post"}],"author":[{"embeddable":true,"href":"https:\/\/archive.sana.sy\/es\/index.php?rest_route=\/wp\/v2\/users\/35"}],"replies":[{"embeddable":true,"href":"https:\/\/archive.sana.sy\/es\/index.php?rest_route=%2Fwp%2Fv2%2Fcomments&post=169727"}],"version-history":[{"count":0,"href":"https:\/\/archive.sana.sy\/es\/index.php?rest_route=\/wp\/v2\/posts\/169727\/revisions"}],"wp:attachment":[{"href":"https:\/\/archive.sana.sy\/es\/index.php?rest_route=%2Fwp%2Fv2%2Fmedia&parent=169727"}],"wp:term":[{"taxonomy":"category","embeddable":true,"href":"https:\/\/archive.sana.sy\/es\/index.php?rest_route=%2Fwp%2Fv2%2Fcategories&post=169727"},{"taxonomy":"post_tag","embeddable":true,"href":"https:\/\/archive.sana.sy\/es\/index.php?rest_route=%2Fwp%2Fv2%2Ftags&post=169727"}],"curies":[{"name":"wp","href":"https:\/\/api.w.org\/{rel}","templated":true}]}}