{"id":169729,"date":"2021-02-17T13:16:22","date_gmt":"2021-02-17T11:16:22","guid":{"rendered":"http:\/\/107.6.182.27\/es\/?p=169729"},"modified":"2021-02-17T19:06:11","modified_gmt":"2021-02-17T17:06:11","slug":"declaracion-final-de-la-15a-reunion-internacional-sobre-siria-de-acuerdo-a-formula-de-astana","status":"publish","type":"post","link":"https:\/\/archive.sana.sy\/es\/?p=169729","title":{"rendered":"Declaraci\u00f3n final de la 15\u00aa Reuni\u00f3n Internacional sobre Siria de acuerdo a f\u00f3rmula de Astan\u00e1"},"content":{"rendered":"<p style=\"text-align: justify\"><strong><span style=\"color: #800000\">Sochi, SANA<\/span><\/strong><\/p>\n<p style=\"text-align: justify\">La declaraci\u00f3n final de la 15\u00aa Reuni\u00f3n Internacional sobre Siria de acuerdo a la f\u00f3rmula de Astan\u00e1 expres\u00f3 el firme compromiso de los pa\u00edses garantes (Rusia, Ir\u00e1n y el r\u00e9gimen turco) con la soberan\u00eda, unidad e integridad de los territorios sirios y la continuaci\u00f3n de la cooperaci\u00f3n hasta la eliminaci\u00f3n de las organizaciones terroristas.<\/p>\n<p style=\"text-align: justify\">Tambi\u00e9n, reafirm\u00f3 el rechazo a las agendas separatistas destinadas a socavar la soberan\u00eda e integridad territorial de Siria, y conden\u00f3 las crecientes acciones de las organizaciones terroristas en ese pa\u00eds.<\/p>\n<p style=\"text-align: justify\">El texto rechaz\u00f3 los intentos de crear nuevos hechos sobre el terreno con el pretexto de luchar contra el terrorismo y rechazar el saqueo del petr\u00f3leo cuyos ingresos deber\u00edan volver al Estado sirio.<\/p>\n<p style=\"text-align: justify\">Conden\u00f3 la continuaci\u00f3n de los ataques israel\u00edes contra Siria que violan el derecho internacional y ponen en peligro la estabilidad y la seguridad en la regi\u00f3n.<\/p>\n<p style=\"text-align: justify\">Asimismo, ratific\u00f3 el compromiso de impulsar el proceso de arreglo pol\u00edtico dirigido por los propios sirios y de apoyar el trabajo del Comit\u00e9 de Debate de la Constituci\u00f3n en Ginebra.<\/p>\n<p style=\"text-align: justify\">El comunicado rechaz\u00f3 las medidas coercitivas unilaterales impuestas a Siria y las consider\u00f3 incompatibles con el derecho internacional y la Carta de las Naciones Unidas, especialmente en medio de la pandemia del Covid-19.<\/p>\n<p style=\"text-align: justify\">Inst\u00f3 a la comunidad internacional para que proporcione ayuda humanitaria a los necesitados sin discriminaci\u00f3n, politizaci\u00f3n o condiciones previas, y que contribuya al proceso de reconstrucci\u00f3n de Siria.<\/p>\n<p style=\"text-align: justify\">&#8220;La comunidad internacional debe contribuir a facilitar el regreso de los refugiados sirios a su pa\u00eds&#8221;, afirm\u00f3.<\/p>\n<p style=\"text-align: justify\">Asimismo, indic\u00f3 que la decimosexta Reuni\u00f3n Internacional en el formato de Astan\u00e1 sobre Siria se celebrar\u00e1 en la capital kazaja Nur-Sultan, a mediados de este a\u00f1o.<\/p>\n<p style=\"text-align: justify\">El decimoquinto Encuentro Internacional sobre Siria (seg\u00fan la f\u00f3rmula de Astan\u00e1) hab\u00eda comenzado en la ciudad rusa de Sochi con la participaci\u00f3n de una delegaci\u00f3n de la Rep\u00fablica \u00c1rabe Siria encabezada por Ayman Susan, el Ministro Asistente de Exteriores y Expatriados.<\/p>\n<p style=\"text-align: justify\">En la cita, participaron delegaciones de los pa\u00edses garantes del proceso de Astan\u00e1 y son: la delegaci\u00f3n rusa encabezada por el enviado especial del presidente ruso a Siria, Alexander Lavrentiev, la delegaci\u00f3n de la Rep\u00fablica Isl\u00e1mica de Ir\u00e1n encabezada por el principal asistente del canciller iran\u00ed para asuntos pol\u00edticos especiales, Ali Asghar Khaji, y la delegaci\u00f3n del r\u00e9gimen turco.<\/p>\n<p style=\"text-align: justify\">Tambi\u00e9n estuvieron presentes representantes de pa\u00edses en condici\u00f3n de observadores en el proceso de Astan\u00e1, y son: Irak, L\u00edbano y Jordania, as\u00ed como una delegaci\u00f3n de las Naciones Unidas encabezada por el Enviado Especial del Secretario General de las Naciones Unidas para Siria, Geir Pedersen, y un representante del Ministerio de Exteriores de la Rep\u00fablica de Kazajst\u00e1n, pa\u00eds anfitri\u00f3n del proceso de Astan\u00e1, y representantes de la llamada \u201cOposici\u00f3n Armada Siria\u201d.<\/p>\n<p style=\"text-align: justify\"><span style=\"color: #0000ff\"><strong>fm\/ws<\/strong><\/span><\/p>\n","protected":false},"excerpt":{"rendered":"<p>Sochi, SANA La declaraci\u00f3n final de la 15\u00aa Reuni\u00f3n Internacional sobre Siria de acuerdo a la f\u00f3rmula de Astan\u00e1 expres\u00f3 el firme compromiso de los pa\u00edses garantes (Rusia, Ir\u00e1n y el r\u00e9gimen turco) con la soberan\u00eda, unidad e integridad de los territorios sirios y la continuaci\u00f3n de la cooperaci\u00f3n hasta la eliminaci\u00f3n de las organizaciones &hellip;<\/p>\n","protected":false},"author":35,"featured_media":169730,"comment_status":"closed","ping_status":"closed","sticky":false,"template":"","format":"standard","meta":{"footnotes":""},"categories":[597,467,583],"tags":[],"class_list":["post-169729","post","type-post","status-publish","format-standard","has-post-thumbnail","","category-cinta-de-noticias","category-siria-y-el-mundo","category-slide"],"_links":{"self":[{"href":"https:\/\/archive.sana.sy\/es\/index.php?rest_route=\/wp\/v2\/posts\/169729"}],"collection":[{"href":"https:\/\/archive.sana.sy\/es\/index.php?rest_route=\/wp\/v2\/posts"}],"about":[{"href":"https:\/\/archive.sana.sy\/es\/index.php?rest_route=\/wp\/v2\/types\/post"}],"author":[{"embeddable":true,"href":"https:\/\/archive.sana.sy\/es\/index.php?rest_route=\/wp\/v2\/users\/35"}],"replies":[{"embeddable":true,"href":"https:\/\/archive.sana.sy\/es\/index.php?rest_route=%2Fwp%2Fv2%2Fcomments&post=169729"}],"version-history":[{"count":0,"href":"https:\/\/archive.sana.sy\/es\/index.php?rest_route=\/wp\/v2\/posts\/169729\/revisions"}],"wp:featuredmedia":[{"embeddable":true,"href":"https:\/\/archive.sana.sy\/es\/index.php?rest_route=\/wp\/v2\/media\/169730"}],"wp:attachment":[{"href":"https:\/\/archive.sana.sy\/es\/index.php?rest_route=%2Fwp%2Fv2%2Fmedia&parent=169729"}],"wp:term":[{"taxonomy":"category","embeddable":true,"href":"https:\/\/archive.sana.sy\/es\/index.php?rest_route=%2Fwp%2Fv2%2Fcategories&post=169729"},{"taxonomy":"post_tag","embeddable":true,"href":"https:\/\/archive.sana.sy\/es\/index.php?rest_route=%2Fwp%2Fv2%2Ftags&post=169729"}],"curies":[{"name":"wp","href":"https:\/\/api.w.org\/{rel}","templated":true}]}}