{"id":169732,"date":"2021-02-17T17:44:17","date_gmt":"2021-02-17T15:44:17","guid":{"rendered":"http:\/\/107.6.182.27\/es\/?p=169732"},"modified":"2021-02-17T19:04:47","modified_gmt":"2021-02-17T17:04:47","slug":"sousan-denuncia-incumplimiento-del-regimen-turco-a-sus-acuerdos-sobre-la-eliminacion-del-terrorismo","status":"publish","type":"post","link":"https:\/\/archive.sana.sy\/es\/?p=169732","title":{"rendered":"Sousan denuncia incumplimiento del r\u00e9gimen turco a sus acuerdos sobre la eliminaci\u00f3n del terrorismo"},"content":{"rendered":"<p style=\"text-align: justify\"><strong><span style=\"color: #800000\">Sochi, SANA<\/span><\/strong><\/p>\n<p style=\"text-align: justify\">Ayman Sousan, el Ministro Asistente de Exteriores y Expatriados y jefe de la delegaci\u00f3n siria a la 15\u00aa Reuni\u00f3n Internacional sobre Siria de acuerdo a f\u00f3rmula de Astan\u00e1, afirm\u00f3 que el r\u00e9gimen turco debe acatar los acuerdos concluidos con la parte rusa para eliminar las organizaciones terroristas y poner fin a la situaci\u00f3n an\u00f3mala en la zona de distenci\u00f3n en Idlib.<\/p>\n<p style=\"text-align: justify\">En una rueda de prensa en la clausura del encuentro de Sochi, Sousan dijo que Ankara protege a las organizaciones terroristas en una flagrante violaci\u00f3n de todas las leyes y convenciones internacionales.<\/p>\n<p style=\"text-align: justify\">Denunci\u00f3 que las fuerzas de ocupaci\u00f3n turcas cortaron el agua de la ciudad de Hasakeh m\u00e1s de 18 veces, algunas de las cuales se extendieron por m\u00e1s de un mes completo, lo cual equivale a cr\u00edmenes de guerra.<\/p>\n<p style=\"text-align: justify\">Siria rechaza cualquier injerencia externa en la labor del Comit\u00e9 de Debate de la Constituci\u00f3n que debe ser dirigida por los propios sirios, afirmo el diplom\u00e1tico.<\/p>\n<p style=\"text-align: justify\">Ali Asghar Khaji, el principal asistente del canciller iran\u00ed para asuntos pol\u00edticos especiales y jefe la delegaci\u00f3n iran\u00ed a la 15\u00aa Reuni\u00f3n Internacional sobre Siria de acuerdo a f\u00f3rmula de Astan\u00e1, rechaz\u00f3 las medidas coercitivas unilaterales impuestas a Siria, especialmente en medio de la propagaci\u00f3n de la pandemia del nuevo Coronavirus.<\/p>\n<p style=\"text-align: justify\">En una conferencia de prensa en la clausura del encuentro de Sochi, Khaji ratific\u00f3 el rechazo de su pa\u00eds a los planes separatistas y al saqueo de la ocupaci\u00f3n estadounidense al petr\u00f3leo que es un derecho del pueblo sirio.<\/p>\n<p style=\"text-align: justify\">Agreg\u00f3 que durante las reuniones se abord\u00f3 la actividad terrorista en el noreste de Siria.<\/p>\n<p style=\"text-align: justify\"><span style=\"color: #0000ff\"><strong>fm\/ws<\/strong><\/span><\/p>\n","protected":false},"excerpt":{"rendered":"<p>Sochi, SANA Ayman Sousan, el Ministro Asistente de Exteriores y Expatriados y jefe de la delegaci\u00f3n siria a la 15\u00aa Reuni\u00f3n Internacional sobre Siria de acuerdo a f\u00f3rmula de Astan\u00e1, afirm\u00f3 que el r\u00e9gimen turco debe acatar los acuerdos concluidos con la parte rusa para eliminar las organizaciones terroristas y poner fin a la situaci\u00f3n &hellip;<\/p>\n","protected":false},"author":35,"featured_media":169733,"comment_status":"closed","ping_status":"closed","sticky":false,"template":"","format":"standard","meta":{"footnotes":""},"categories":[597,467,7541],"tags":[],"class_list":["post-169732","post","type-post","status-publish","format-standard","has-post-thumbnail","","category-cinta-de-noticias","category-siria-y-el-mundo","category-ultimas-noticias"],"_links":{"self":[{"href":"https:\/\/archive.sana.sy\/es\/index.php?rest_route=\/wp\/v2\/posts\/169732"}],"collection":[{"href":"https:\/\/archive.sana.sy\/es\/index.php?rest_route=\/wp\/v2\/posts"}],"about":[{"href":"https:\/\/archive.sana.sy\/es\/index.php?rest_route=\/wp\/v2\/types\/post"}],"author":[{"embeddable":true,"href":"https:\/\/archive.sana.sy\/es\/index.php?rest_route=\/wp\/v2\/users\/35"}],"replies":[{"embeddable":true,"href":"https:\/\/archive.sana.sy\/es\/index.php?rest_route=%2Fwp%2Fv2%2Fcomments&post=169732"}],"version-history":[{"count":0,"href":"https:\/\/archive.sana.sy\/es\/index.php?rest_route=\/wp\/v2\/posts\/169732\/revisions"}],"wp:featuredmedia":[{"embeddable":true,"href":"https:\/\/archive.sana.sy\/es\/index.php?rest_route=\/wp\/v2\/media\/169733"}],"wp:attachment":[{"href":"https:\/\/archive.sana.sy\/es\/index.php?rest_route=%2Fwp%2Fv2%2Fmedia&parent=169732"}],"wp:term":[{"taxonomy":"category","embeddable":true,"href":"https:\/\/archive.sana.sy\/es\/index.php?rest_route=%2Fwp%2Fv2%2Fcategories&post=169732"},{"taxonomy":"post_tag","embeddable":true,"href":"https:\/\/archive.sana.sy\/es\/index.php?rest_route=%2Fwp%2Fv2%2Ftags&post=169732"}],"curies":[{"name":"wp","href":"https:\/\/api.w.org\/{rel}","templated":true}]}}